{"id":285,"date":"2024-08-22T17:55:02","date_gmt":"2024-08-22T17:55:02","guid":{"rendered":"https:\/\/www.eucla.com.br\/blog\/?p=285"},"modified":"2024-08-22T18:02:04","modified_gmt":"2024-08-22T18:02:04","slug":"por-que-optar-pela-porta-laqueada-de-madeira","status":"publish","type":"post","link":"https:\/\/www.eucla.com.br\/blog\/porta-laqueada\/por-que-optar-pela-porta-laqueada-de-madeira\/","title":{"rendered":"Por que optar pela porta laqueada de madeira?"},"content":{"rendered":"<span class=\"span-reading-time rt-reading-time\" style=\"display: block;\"><span class=\"rt-label rt-prefix\">Tempo de leitura:<\/span> <span class=\"rt-time\"> 5<\/span> <span class=\"rt-label rt-postfix\">minutos<\/span><\/span>\n<p class=\"has-medium-font-size\"><span style=\"font-size: revert; color: initial;\"><strong><em>Descubra os benef\u00edcios da porta laqueada de madeira para seu ambiente, e fa\u00e7a uma excelente escolha para resid\u00eancias e espa\u00e7os comerciais.<\/em><\/strong><\/span><\/p>\n\n\n\n<p>Escolher os elementos certos para compor a decora\u00e7\u00e3o e estrutura de um ambiente pode ser um desafio. <\/p>\n\n\n\n<p>Quando se trata de portas, a porta laqueada de madeira surge como uma das op\u00e7\u00f5es mais sofisticadas e funcionais. <\/p>\n\n\n\n<p>Mas o que exatamente faz desta porta uma escolha t\u00e3o popular? Neste artigo, vamos explorar os detalhes que tornam a porta laqueada de madeira uma excelente op\u00e7\u00e3o para seu projeto.<\/p>\n\n\n\n<ul class=\"wp-block-list\">\n<li><a href=\"https:\/\/www.eucla.com.br\/blog\/divisorias-de-madeira\/quando-utilizar-divisorias-de-ambiente-em-madeira-em-sua-casa\/\">Quando utilizar divis\u00f3rias de ambiente em madeira em sua casa<\/a><\/li>\n<\/ul>\n\n\n\n<div id=\"ez-toc-container\" class=\"ez-toc-v2_0_82_2 counter-hierarchy ez-toc-counter ez-toc-grey ez-toc-container-direction\">\n<div class=\"ez-toc-title-container\">\n<p class=\"ez-toc-title\" style=\"cursor:inherit\">Sum\u00e1rio<\/p>\n<span class=\"ez-toc-title-toggle\"><a href=\"#\" class=\"ez-toc-pull-right ez-toc-btn ez-toc-btn-xs ez-toc-btn-default ez-toc-toggle\" aria-label=\"Alternar tabela de conte\u00fado\"><span class=\"ez-toc-js-icon-con\"><span class=\"\"><span class=\"eztoc-hide\" style=\"display:none;\">Toggle<\/span><span class=\"ez-toc-icon-toggle-span\"><svg style=\"fill: #999;color:#999\" xmlns=\"http:\/\/www.w3.org\/2000\/svg\" class=\"list-377408\" width=\"20px\" height=\"20px\" viewBox=\"0 0 24 24\" fill=\"none\"><path d=\"M6 6H4v2h2V6zm14 0H8v2h12V6zM4 11h2v2H4v-2zm16 0H8v2h12v-2zM4 16h2v2H4v-2zm16 0H8v2h12v-2z\" fill=\"currentColor\"><\/path><\/svg><svg style=\"fill: #999;color:#999\" class=\"arrow-unsorted-368013\" xmlns=\"http:\/\/www.w3.org\/2000\/svg\" width=\"10px\" height=\"10px\" viewBox=\"0 0 24 24\" version=\"1.2\" baseProfile=\"tiny\"><path d=\"M18.2 9.3l-6.2-6.3-6.2 6.3c-.2.2-.3.4-.3.7s.1.5.3.7c.2.2.4.3.7.3h11c.3 0 .5-.1.7-.3.2-.2.3-.5.3-.7s-.1-.5-.3-.7zM5.8 14.7l6.2 6.3 6.2-6.3c.2-.2.3-.5.3-.7s-.1-.5-.3-.7c-.2-.2-.4-.3-.7-.3h-11c-.3 0-.5.1-.7.3-.2.2-.3.5-.3.7s.1.5.3.7z\"\/><\/svg><\/span><\/span><\/span><\/a><\/span><\/div>\n<nav><ul class='ez-toc-list ez-toc-list-level-1 ' ><li class='ez-toc-page-1 ez-toc-heading-level-2'><a class=\"ez-toc-link ez-toc-heading-1\" href=\"https:\/\/www.eucla.com.br\/blog\/porta-laqueada\/por-que-optar-pela-porta-laqueada-de-madeira\/#O_que_e_uma_porta_laqueada_de_madeira\" >O que \u00e9 uma porta laqueada de madeira?<\/a><\/li><li class='ez-toc-page-1 ez-toc-heading-level-2'><a class=\"ez-toc-link ez-toc-heading-2\" href=\"https:\/\/www.eucla.com.br\/blog\/porta-laqueada\/por-que-optar-pela-porta-laqueada-de-madeira\/#Beneficios_das_portas_laqueadas_de_madeira\" >Benef\u00edcios das portas laqueadas de madeira<\/a><ul class='ez-toc-list-level-3' ><li class='ez-toc-heading-level-3'><a class=\"ez-toc-link ez-toc-heading-3\" href=\"https:\/\/www.eucla.com.br\/blog\/porta-laqueada\/por-que-optar-pela-porta-laqueada-de-madeira\/#Versatilidade_no_design_e_cores\" >Versatilidade no design e cores<\/a><\/li><li class='ez-toc-page-1 ez-toc-heading-level-3'><a class=\"ez-toc-link ez-toc-heading-4\" href=\"https:\/\/www.eucla.com.br\/blog\/porta-laqueada\/por-que-optar-pela-porta-laqueada-de-madeira\/#Uniformidade_da_pintura\" >Uniformidade da pintura<\/a><\/li><li class='ez-toc-page-1 ez-toc-heading-level-3'><a class=\"ez-toc-link ez-toc-heading-5\" href=\"https:\/\/www.eucla.com.br\/blog\/porta-laqueada\/por-que-optar-pela-porta-laqueada-de-madeira\/#Facilidade_de_manutencao\" >Facilidade de manuten\u00e7\u00e3o<\/a><\/li><li class='ez-toc-page-1 ez-toc-heading-level-3'><a class=\"ez-toc-link ez-toc-heading-6\" href=\"https:\/\/www.eucla.com.br\/blog\/porta-laqueada\/por-que-optar-pela-porta-laqueada-de-madeira\/#Durabilidade_e_resistencia\" >Durabilidade e resist\u00eancia<\/a><\/li><li class='ez-toc-page-1 ez-toc-heading-level-3'><a class=\"ez-toc-link ez-toc-heading-7\" href=\"https:\/\/www.eucla.com.br\/blog\/porta-laqueada\/por-que-optar-pela-porta-laqueada-de-madeira\/#Sofisticacao\" >Sofistica\u00e7\u00e3o<\/a><\/li><\/ul><\/li><li class='ez-toc-page-1 ez-toc-heading-level-2'><a class=\"ez-toc-link ez-toc-heading-8\" href=\"https:\/\/www.eucla.com.br\/blog\/porta-laqueada\/por-que-optar-pela-porta-laqueada-de-madeira\/#Aplicacoes_da_porta_laqueada_de_madeira\" >Aplica\u00e7\u00f5es da porta laqueada de madeira<\/a><ul class='ez-toc-list-level-3' ><li class='ez-toc-heading-level-3'><a class=\"ez-toc-link ez-toc-heading-9\" href=\"https:\/\/www.eucla.com.br\/blog\/porta-laqueada\/por-que-optar-pela-porta-laqueada-de-madeira\/#Producao_de_portas_laqueadas_qualidade_e_garantia\" >Produ\u00e7\u00e3o de portas laqueadas: qualidade e garantia<\/a><\/li><\/ul><\/li><li class='ez-toc-page-1 ez-toc-heading-level-2'><a class=\"ez-toc-link ez-toc-heading-10\" href=\"https:\/\/www.eucla.com.br\/blog\/porta-laqueada\/por-que-optar-pela-porta-laqueada-de-madeira\/#Eucla_referencia_em_portas_laqueadas_de_madeira\" >Eucla: refer\u00eancia em portas laqueadas de madeira<\/a><\/li><\/ul><\/nav><\/div>\n<h2 class=\"wp-block-heading\"><span class=\"ez-toc-section\" id=\"O_que_e_uma_porta_laqueada_de_madeira\"><\/span>O que \u00e9 uma porta laqueada de madeira?<span class=\"ez-toc-section-end\"><\/span><\/h2>\n\n\n<div class=\"wp-block-image\">\n<figure class=\"alignright size-full is-resized\"><img loading=\"lazy\" decoding=\"async\" src=\"https:\/\/www.eucla.com.br\/blog\/wp-content\/uploads\/2024\/08\/2150378908.jpg\" alt=\"Por que optar pela porta laqueada de madeira?\" class=\"wp-image-287\" style=\"width:289px;height:433px\" width=\"289\" height=\"433\" srcset=\"https:\/\/www.eucla.com.br\/blog\/wp-content\/uploads\/2024\/08\/2150378908.jpg 667w, https:\/\/www.eucla.com.br\/blog\/wp-content\/uploads\/2024\/08\/2150378908-200x300.jpg 200w, https:\/\/www.eucla.com.br\/blog\/wp-content\/uploads\/2024\/08\/2150378908-40x60.jpg 40w\" sizes=\"auto, (max-width: 289px) 100vw, 289px\" \/><\/figure><\/div>\n\n\n<p>Uma porta laqueada \u00e9 uma porta de madeira que passa por um processo de pintura especial chamado laqueamento. <\/p>\n\n\n\n<p>Esse processo utiliza <strong>laca<\/strong>, uma tinta de alta qualidade que proporciona um acabamento liso e brilhante \u00e0 superf\u00edcie da porta. <\/p>\n\n\n\n<p>Al\u00e9m de ser esteticamente agrad\u00e1vel, a laca tamb\u00e9m oferece maior prote\u00e7\u00e3o e durabilidade \u00e0 madeira. <\/p>\n\n\n\n<p>Este acabamento \u00e9 aplicado por profissionais qualificados, garantindo que cada porta tenha uma uniformidade impec\u00e1vel e um visual sofisticado.<\/p>\n\n\n\n<ul class=\"wp-block-list\">\n<li><a href=\"https:\/\/www.eucla.com.br\/blog\/portas-de-madeira\/portas-de-madeira-especiais-descubra-o-melhor-modelo-para-voce\/\">Portas de madeira especiais: descubra o melhor modelo para voc\u00ea<\/a><\/li>\n<\/ul>\n\n\n\n<h2 class=\"wp-block-heading\"><span class=\"ez-toc-section\" id=\"Beneficios_das_portas_laqueadas_de_madeira\"><\/span>Benef\u00edcios das portas laqueadas de madeira<span class=\"ez-toc-section-end\"><\/span><\/h2>\n\n\n\n<p>As portas laqueadas de madeira s\u00e3o conhecidas por sua apar\u00eancia elegante e moderna. Al\u00e9m disso, elas oferecem uma s\u00e9rie de benef\u00edcios que as tornam uma escolha atrativa para resid\u00eancias e ambientes comerciais.<\/p>\n\n\n\n<h3 class=\"wp-block-heading\"><span class=\"ez-toc-section\" id=\"Versatilidade_no_design_e_cores\"><\/span>Versatilidade no design e cores<span class=\"ez-toc-section-end\"><\/span><\/h3>\n\n\n\n<p>Uma das principais vantagens das portas laqueadas \u00e9 a variedade de cores dispon\u00edveis. Seja qual for o estilo do seu ambiente, voc\u00ea pode escolher uma cor que combine perfeitamente. <\/p>\n\n\n\n<p>As cores mais comuns incluem o <strong>branco e o preto<\/strong>, mas a laca permite que voc\u00ea opte por outras tonalidades que se adequem ao seu design. <\/p>\n\n\n\n<p>Al\u00e9m disso, h\u00e1 a op\u00e7\u00e3o de escolher entre acabamentos <strong>foscos, acetinados ou brilhantes<\/strong>, aumentando ainda mais as possibilidades de personaliza\u00e7\u00e3o.<\/p>\n\n\n\n<h3 class=\"wp-block-heading\"><span class=\"ez-toc-section\" id=\"Uniformidade_da_pintura\"><\/span>Uniformidade da pintura<span class=\"ez-toc-section-end\"><\/span><\/h3>\n\n\n\n<p>A uniformidade \u00e9 um dos maiores atrativos do laqueamento. Diferente de outros tipos de acabamentos, o laqueamento reduz e at\u00e9 elimina imperfei\u00e7\u00f5es e emendas na superf\u00edcie da porta. <\/p>\n\n\n\n<p>Isso proporciona um <strong>acabamento liso e cont\u00ednuo<\/strong>, que confere um aspecto renovado e de alta qualidade \u00e0 pe\u00e7a. <\/p>\n\n\n\n<p>Para construtoras e lojistas, essa caracter\u00edstica \u00e9 fundamental, pois garante a satisfa\u00e7\u00e3o dos clientes que buscam n\u00e3o s\u00f3 qualidade, mas tamb\u00e9m um visual esteticamente agrad\u00e1vel.<\/p>\n\n\n\n<h3 class=\"wp-block-heading\"><span class=\"ez-toc-section\" id=\"Facilidade_de_manutencao\"><\/span>Facilidade de manuten\u00e7\u00e3o<span class=\"ez-toc-section-end\"><\/span><\/h3>\n\n\n\n<p>A manuten\u00e7\u00e3o de portas laqueadas \u00e9 simples e pr\u00e1tica. Por ter uma superf\u00edcie lisa, a limpeza pode ser feita apenas com um pano \u00famido ou flanela para retirar o p\u00f3. <\/p>\n\n\n\n<p>Em casos de manchas, recomenda-se o uso de detergente neutro ou sab\u00e3o de coco. <\/p>\n\n\n\n<p>Para portas com acabamento brilhante, \u00e9 ideal aplicar <strong>cera automotiva duas vezes ao ano<\/strong> para manter o brilho. <\/p>\n\n\n\n<p>Essa facilidade na limpeza e manuten\u00e7\u00e3o \u00e9 um ponto forte, que s\u00f3 refor\u00e7a o <strong>custo-benef\u00edcio<\/strong> desse tipo de porta.<\/p>\n\n\n\n<h3 class=\"wp-block-heading\"><span class=\"ez-toc-section\" id=\"Durabilidade_e_resistencia\"><\/span>Durabilidade e resist\u00eancia<span class=\"ez-toc-section-end\"><\/span><\/h3>\n\n\n\n<p>O processo de laqueamento n\u00e3o s\u00f3 embeleza a porta, mas tamb\u00e9m a protege. <\/p>\n\n\n\n<p>A aplica\u00e7\u00e3o de um <strong>primer<\/strong> antes da tinta oferece resist\u00eancia adicional contra intemp\u00e9ries como umidade e poeira. <\/p>\n\n\n\n<p>Isso resulta em maior durabilidade da porta, garantindo que ela mantenha suas propriedades est\u00e9ticas e estruturais por mais tempo. <\/p>\n\n\n\n<p>A perfeita selagem da madeira, proporcionada pela laca, assegura a preserva\u00e7\u00e3o do material e aumenta sua vida \u00fatil, justificando o investimento.<\/p>\n\n\n\n<h3 class=\"wp-block-heading\"><span class=\"ez-toc-section\" id=\"Sofisticacao\"><\/span>Sofistica\u00e7\u00e3o<span class=\"ez-toc-section-end\"><\/span><\/h3>\n\n\n\n<p>O laqueamento \u00e9 sin\u00f4nimo de <strong>eleg\u00e2ncia superior<\/strong>. <\/p>\n\n\n\n<p>O acabamento refinado e a possibilidade de personaliza\u00e7\u00e3o fazem das portas laqueadas um elemento que valoriza qualquer ambiente. <\/p>\n\n\n\n<p>Seja em portas lisas ou com frisos, a laca eleva o padr\u00e3o est\u00e9tico do espa\u00e7o, criando uma atmosfera sofisticada que agrada at\u00e9 os clientes mais exigentes.<\/p>\n\n\n\n<ul class=\"wp-block-list\">\n<li><a href=\"https:\/\/www.eucla.com.br\/blog\/portas-de-madeira\/portas-laminadas-de-madeira-elegancia-e-durabilidade-para-seu-lar\/\">Portas laminadas de madeira: eleg\u00e2ncia e durabilidade para seu lar<\/a><\/li>\n<\/ul>\n\n\n\n<h2 class=\"wp-block-heading\"><span class=\"ez-toc-section\" id=\"Aplicacoes_da_porta_laqueada_de_madeira\"><\/span>Aplica\u00e7\u00f5es da porta laqueada de madeira<span class=\"ez-toc-section-end\"><\/span><\/h2>\n\n\n\n<p>A versatilidade das portas laqueadas permite sua aplica\u00e7\u00e3o em diferentes ambientes, sejam eles residenciais ou comerciais. <\/p>\n\n\n\n<p>Elas podem ser usadas em entradas principais, quartos, banheiros e at\u00e9 em escrit\u00f3rios, sempre adicionando um toque de modernidade e requinte. <\/p>\n\n\n\n<p>Al\u00e9m disso, sua <strong>variedade de cores e acabamentos<\/strong> permite que cada porta se encaixe perfeitamente no design escolhido para o espa\u00e7o.<\/p>\n\n\n\n<h3 class=\"wp-block-heading\"><span class=\"ez-toc-section\" id=\"Producao_de_portas_laqueadas_qualidade_e_garantia\"><\/span>Produ\u00e7\u00e3o de portas laqueadas: qualidade e garantia<span class=\"ez-toc-section-end\"><\/span><\/h3>\n\n\n\n<p>Quando se trata de escolher portas laqueadas de madeira, a qualidade da produ\u00e7\u00e3o \u00e9 essencial. <\/p>\n\n\n\n<p>Empresas especializadas, como a <a href=\"https:\/\/www.eucla.com.br\/\">Eucla<\/a>, oferecem uma estrutura moderna e funcional, utilizando o que h\u00e1 de melhor no mercado para garantir a satisfa\u00e7\u00e3o dos clientes. <\/p>\n\n\n\n<p>Desde o recebimento da mat\u00e9ria-prima at\u00e9 a instala\u00e7\u00e3o final na resid\u00eancia, o <strong>controle de qualidade<\/strong> \u00e9 rigoroso, assegurando que cada porta entregue atenda aos mais altos padr\u00f5es de excel\u00eancia.<\/p>\n\n\n\n<p>Al\u00e9m disso, a <a href=\"https:\/\/www.eucla.com.br\/\">Eucla<\/a> desenvolve e executa projetos especiais, adaptando-se \u00e0s necessidades espec\u00edficas de cada obra. <\/p>\n\n\n\n<p>Seja para resid\u00eancias, lojas ou escrit\u00f3rios, a empresa oferece <strong>garantia de qualidade<\/strong> em cada pe\u00e7a produzida, proporcionando seguran\u00e7a e durabilidade ao cliente final.<\/p>\n\n\n\n<ul class=\"wp-block-list\">\n<li><a href=\"https:\/\/www.eucla.com.br\/blog\/paineis-de-madeira\/conheca-o-lugar-ideal-para-comprar-painel-de-madeira-no-tatuape\/\">Conhe\u00e7a o lugar ideal para comprar painel de madeira no Tatuap\u00e9<\/a><\/li>\n<\/ul>\n\n\n\n<h2 class=\"wp-block-heading\"><span class=\"ez-toc-section\" id=\"Eucla_referencia_em_portas_laqueadas_de_madeira\"><\/span>Eucla: refer\u00eancia em portas laqueadas de madeira<span class=\"ez-toc-section-end\"><\/span><\/h2>\n\n\n\n<p>Optar por uma porta laqueada de madeira \u00e9 garantir um produto que combina est\u00e9tica, durabilidade e praticidade. <\/p>\n\n\n\n<p>Com a possibilidade de personaliza\u00e7\u00e3o em cores e acabamentos, essas portas se destacam em qualquer ambiente, oferecendo <strong>eleg\u00e2ncia e sofistica\u00e7\u00e3o<\/strong>. <\/p>\n\n\n\n<p>Al\u00e9m disso, a facilidade de manuten\u00e7\u00e3o e a alta durabilidade tornam as portas laqueadas uma excelente escolha para quem busca aliar <strong>design e funcionalidade<\/strong>.<\/p>\n\n\n\n<p>Se voc\u00ea est\u00e1 em busca de uma porta que agregue valor ao seu projeto, a porta laqueada de madeira \u00e9 a op\u00e7\u00e3o ideal. <\/p>\n\n\n\n<p>Com empresas como a <a href=\"https:\/\/www.eucla.com.br\/\">Eucla<\/a>, que oferece produtos de alta qualidade desde 1987, voc\u00ea pode ter certeza de que estar\u00e1 investindo em uma pe\u00e7a que far\u00e1 a diferen\u00e7a no seu ambiente.<\/p>\n\n\n\n<p>Invista na sofistica\u00e7\u00e3o e durabilidade das portas laqueadas de madeira. <\/p>\n\n\n\n<p><a href=\"https:\/\/www.eucla.com.br\/contato\/\">Entre em contato conosco<\/a> e descubra como podemos transformar seu ambiente com nossas portas de alta qualidade.<\/p>\n","protected":false},"excerpt":{"rendered":"<p><span class=\"span-reading-time rt-reading-time\" style=\"display: block;\"><span class=\"rt-label rt-prefix\">Tempo de leitura:<\/span> <span class=\"rt-time\"> 5<\/span> <span class=\"rt-label rt-postfix\">minutos<\/span><\/span>Descubra os benef\u00edcios da porta laqueada de madeira para seu ambiente, e fa\u00e7a uma excelente escolha para resid\u00eancias e espa\u00e7os comerciais. Escolher os elementos certos para compor a decora\u00e7\u00e3o e estrutura de um ambiente pode ser um desafio. Quando se trata de portas, a porta &hellip; <\/p>\n","protected":false},"author":1,"featured_media":286,"comment_status":"open","ping_status":"open","sticky":false,"template":"","format":"standard","meta":{"footnotes":""},"categories":[3550],"tags":[6664,6617,6711,6674,6627,6570,6580,6577,6569,20,3552,3551,6594,6609,6600,6579,6596,6612,6611,6607,6603,6590,6593,6605,6599,6614,6608,6576,6585,6606,6583,6597,6589,6573,6584,6602,6582,6575,6574,6613,6581,6592,6601,6595,6586,6598,6578,6571,6587,6610,6588,6604,6591,6568,6572,6671,6624,6533,6530,6523,4,5453,6522,6547,6562,6553,6532,6549,6565,6564,6560,6556,6543,6546,6558,6552,6567,6561,6529,6538,6559,6536,6550,6542,6526,6537,6555,6535,6528,6527,6566,6534,6545,6554,6548,6539,6551,6531,6524,6540,6563,6541,6557,6544,6525,6663,6616,6710,207,190,3581,3576,3586,224,6688,6641,6703,6656,6694,6647,6673,6626,6690,6643,6706,6659,6705,6658,6701,6654,6697,6650,6684,6637,6687,6640,6699,6652,6693,6646,6708,6661,6702,6655,6670,6623,6679,6632,6700,6653,6677,6630,3580,3575,6691,6644,6683,6636,6667,6620,6678,6631,6696,6649,6676,6629,6669,6622,3585,6668,6621,6707,6660,6675,6628,6686,6639,6695,6648,6689,6642,6680,6633,6692,6645,6672,6625,6665,6618,6712,6704,6657,6681,6634,6682,6635,6698,6651,6685,6638,6662,6615,6709,6666,6619],"class_list":["post-285","post","type-post","status-publish","format-standard","has-post-thumbnail","hentry","category-porta-laqueada","tag-acabamento-porta-laqueada-em-sao-paulo","tag-acabamento-porta-laqueada-em-sp","tag-acabamento-porta-laqueada-na-zona-leste","tag-como-limpar-porta-laqueada-em-sao-paulo","tag-como-limpar-porta-laqueada-em-sp","tag-comprar-acabamento-porta-laqueada","tag-comprar-como-limpar-porta-laqueada","tag-comprar-instalacao-porta-laqueada","tag-comprar-porta-branca-laqueada","tag-comprar-porta-de-madeira","tag-comprar-porta-de-madeira-laqueada","tag-comprar-porta-laqueada","tag-comprar-porta-laqueada-acustica","tag-comprar-porta-laqueada-anti-risco","tag-comprar-porta-laqueada-brilho","tag-comprar-porta-laqueada-cinza","tag-comprar-porta-laqueada-classica","tag-comprar-porta-laqueada-colorida","tag-comprar-porta-laqueada-com-acabamento-fosco","tag-comprar-porta-laqueada-com-batente","tag-comprar-porta-laqueada-com-design","tag-comprar-porta-laqueada-com-detalhes","tag-comprar-porta-laqueada-com-espelho","tag-comprar-porta-laqueada-com-frisos","tag-comprar-porta-laqueada-com-moldura","tag-comprar-porta-laqueada-com-puxador-embutido","tag-comprar-porta-laqueada-com-ranhuras","tag-comprar-porta-laqueada-com-vidro","tag-comprar-porta-laqueada-de-alta-qualidade","tag-comprar-porta-laqueada-de-alta-resistencia","tag-comprar-porta-laqueada-de-correr","tag-comprar-porta-laqueada-em-tons-neutros","tag-comprar-porta-laqueada-fosca","tag-comprar-porta-laqueada-interior","tag-comprar-porta-laqueada-lisa","tag-comprar-porta-laqueada-luxo","tag-comprar-porta-laqueada-minimalista","tag-comprar-porta-laqueada-moderna","tag-comprar-porta-laqueada-ou-pintada","tag-comprar-porta-laqueada-para-ambiente-sofisticado","tag-comprar-porta-laqueada-para-apartamento","tag-comprar-porta-laqueada-para-banheiro","tag-comprar-porta-laqueada-para-escritorio","tag-comprar-porta-laqueada-para-quarto","tag-comprar-porta-laqueada-para-sala","tag-comprar-porta-laqueada-personalizada","tag-comprar-porta-laqueada-preco-m2","tag-comprar-porta-laqueada-preta","tag-comprar-porta-laqueada-resistente","tag-comprar-porta-laqueada-resistente-a-umidade","tag-comprar-porta-laqueada-sob-medida","tag-comprar-porta-laqueada-sustentavel","tag-comprar-porta-laqueada-versus-envernizada","tag-comprar-preco-de-porta-laqueada","tag-comprar-vantagens-porta-laqueada","tag-instalacao-porta-laqueada-em-sao-paulo","tag-instalacao-porta-laqueada-em-sp","tag-onde-encontrar-como-limpar-porta-laqueada","tag-onde-encontrar-instalacao-porta-laqueada","tag-onde-encontrar-porta-branca-laqueada","tag-onde-encontrar-porta-de-madeira","tag-onde-encontrar-porta-de-madeira-laqueada","tag-onde-encontrar-porta-laqueada","tag-onde-encontrar-porta-laqueada-acustica","tag-onde-encontrar-porta-laqueada-anti-risco","tag-onde-encontrar-porta-laqueada-brilho","tag-onde-encontrar-porta-laqueada-cinza","tag-onde-encontrar-porta-laqueada-classica","tag-onde-encontrar-porta-laqueada-colorida","tag-onde-encontrar-porta-laqueada-com-acabamento-fosco","tag-onde-encontrar-porta-laqueada-com-batente","tag-onde-encontrar-porta-laqueada-com-design","tag-onde-encontrar-porta-laqueada-com-detalhes","tag-onde-encontrar-porta-laqueada-com-espelho","tag-onde-encontrar-porta-laqueada-com-frisos","tag-onde-encontrar-porta-laqueada-com-moldura","tag-onde-encontrar-porta-laqueada-com-puxador-embutido","tag-onde-encontrar-porta-laqueada-com-ranhuras","tag-onde-encontrar-porta-laqueada-com-vidro","tag-onde-encontrar-porta-laqueada-de-alta-qualidade","tag-onde-encontrar-porta-laqueada-de-alta-resistencia","tag-onde-encontrar-porta-laqueada-de-correr","tag-onde-encontrar-porta-laqueada-em-tons-neutros","tag-onde-encontrar-porta-laqueada-fosca","tag-onde-encontrar-porta-laqueada-interior","tag-onde-encontrar-porta-laqueada-lisa","tag-onde-encontrar-porta-laqueada-luxo","tag-onde-encontrar-porta-laqueada-minimalista","tag-onde-encontrar-porta-laqueada-moderna","tag-onde-encontrar-porta-laqueada-ou-pintada","tag-onde-encontrar-porta-laqueada-para-ambiente-sofisticado","tag-onde-encontrar-porta-laqueada-para-apartamento","tag-onde-encontrar-porta-laqueada-para-banheiro","tag-onde-encontrar-porta-laqueada-para-escritorio","tag-onde-encontrar-porta-laqueada-para-quarto","tag-onde-encontrar-porta-laqueada-para-sala","tag-onde-encontrar-porta-laqueada-personalizada","tag-onde-encontrar-porta-laqueada-preco-m2","tag-onde-encontrar-porta-laqueada-preta","tag-onde-encontrar-porta-laqueada-resistente","tag-onde-encontrar-porta-laqueada-resistente-a-umidade","tag-onde-encontrar-porta-laqueada-sob-medida","tag-onde-encontrar-porta-laqueada-sustentavel","tag-onde-encontrar-porta-laqueada-versus-envernizada","tag-onde-encontrar-vantagens-porta-laqueada","tag-porta-branca-laqueada-em-sao-paulo","tag-porta-branca-laqueada-em-sp","tag-porta-branca-laqueada-na-zona-leste","tag-porta-de-madeira-em-sao-paulo","tag-porta-de-madeira-em-sp","tag-porta-de-madeira-laqueada-em-sao-paulo","tag-porta-de-madeira-laqueada-em-sp","tag-porta-de-madeira-laqueada-na-zona-leste","tag-porta-de-madeira-na-zona-leste","tag-porta-laqueada-acustica-em-sao-paulo","tag-porta-laqueada-acustica-em-sp","tag-porta-laqueada-anti-risco-em-sao-paulo","tag-porta-laqueada-anti-risco-em-sp","tag-porta-laqueada-brilho-em-sao-paulo","tag-porta-laqueada-brilho-em-sp","tag-porta-laqueada-cinza-em-sao-paulo","tag-porta-laqueada-cinza-em-sp","tag-porta-laqueada-classica-em-sao-paulo","tag-porta-laqueada-classica-em-sp","tag-porta-laqueada-colorida-em-sao-paulo","tag-porta-laqueada-colorida-em-sp","tag-porta-laqueada-com-acabamento-fosco-em-sao-paulo","tag-porta-laqueada-com-acabamento-fosco-em-sp","tag-porta-laqueada-com-batente-em-sao-paulo","tag-porta-laqueada-com-batente-em-sp","tag-porta-laqueada-com-design-em-sao-paulo","tag-porta-laqueada-com-design-em-sp","tag-porta-laqueada-com-detalhes-em-sao-paulo","tag-porta-laqueada-com-detalhes-em-sp","tag-porta-laqueada-com-espelho-em-sao-paulo","tag-porta-laqueada-com-espelho-em-sp","tag-porta-laqueada-com-frisos-em-sao-paulo","tag-porta-laqueada-com-frisos-em-sp","tag-porta-laqueada-com-moldura-em-sao-paulo","tag-porta-laqueada-com-moldura-em-sp","tag-porta-laqueada-com-puxador-embutido-em-sao-paulo","tag-porta-laqueada-com-puxador-embutido-em-sp","tag-porta-laqueada-com-ranhuras-em-sao-paulo","tag-porta-laqueada-com-ranhuras-em-sp","tag-porta-laqueada-com-vidro-em-sao-paulo","tag-porta-laqueada-com-vidro-em-sp","tag-porta-laqueada-de-alta-qualidade-em-sao-paulo","tag-porta-laqueada-de-alta-qualidade-em-sp","tag-porta-laqueada-de-alta-resistencia-em-sao-paulo","tag-porta-laqueada-de-alta-resistencia-em-sp","tag-porta-laqueada-de-correr-em-sao-paulo","tag-porta-laqueada-de-correr-em-sp","tag-porta-laqueada-em-sao-paulo","tag-porta-laqueada-em-sp","tag-porta-laqueada-em-tons-neutros-em-sao-paulo","tag-porta-laqueada-em-tons-neutros-em-sp","tag-porta-laqueada-fosca-em-sao-paulo","tag-porta-laqueada-fosca-em-sp","tag-porta-laqueada-interior-em-sao-paulo","tag-porta-laqueada-interior-em-sp","tag-porta-laqueada-lisa-em-sao-paulo","tag-porta-laqueada-lisa-em-sp","tag-porta-laqueada-luxo-em-sao-paulo","tag-porta-laqueada-luxo-em-sp","tag-porta-laqueada-minimalista-em-sao-paulo","tag-porta-laqueada-minimalista-em-sp","tag-porta-laqueada-moderna-em-sao-paulo","tag-porta-laqueada-moderna-em-sp","tag-porta-laqueada-na-zona-leste","tag-porta-laqueada-ou-pintada-em-sao-paulo","tag-porta-laqueada-ou-pintada-em-sp","tag-porta-laqueada-para-ambiente-sofisticado-em-sao-paulo","tag-porta-laqueada-para-ambiente-sofisticado-em-sp","tag-porta-laqueada-para-apartamento-em-sao-paulo","tag-porta-laqueada-para-apartamento-em-sp","tag-porta-laqueada-para-banheiro-em-sao-paulo","tag-porta-laqueada-para-banheiro-em-sp","tag-porta-laqueada-para-escritorio-em-sao-paulo","tag-porta-laqueada-para-escritorio-em-sp","tag-porta-laqueada-para-quarto-em-sao-paulo","tag-porta-laqueada-para-quarto-em-sp","tag-porta-laqueada-para-sala-em-sao-paulo","tag-porta-laqueada-para-sala-em-sp","tag-porta-laqueada-personalizada-em-sao-paulo","tag-porta-laqueada-personalizada-em-sp","tag-porta-laqueada-preco-m2-em-sao-paulo","tag-porta-laqueada-preco-m2-em-sp","tag-porta-laqueada-preta-em-sao-paulo","tag-porta-laqueada-preta-em-sp","tag-porta-laqueada-preta-na-zona-leste","tag-porta-laqueada-resistente-a-umidade-em-sao-paulo","tag-porta-laqueada-resistente-a-umidade-em-sp","tag-porta-laqueada-resistente-em-sao-paulo","tag-porta-laqueada-resistente-em-sp","tag-porta-laqueada-sob-medida-em-sao-paulo","tag-porta-laqueada-sob-medida-em-sp","tag-porta-laqueada-sustentavel-em-sao-paulo","tag-porta-laqueada-sustentavel-em-sp","tag-porta-laqueada-versus-envernizada-em-sao-paulo","tag-porta-laqueada-versus-envernizada-em-sp","tag-preco-de-porta-laqueada-em-sao-paulo","tag-preco-de-porta-laqueada-em-sp","tag-preco-de-porta-laqueada-na-zona-leste","tag-vantagens-porta-laqueada-em-sao-paulo","tag-vantagens-porta-laqueada-em-sp","latest_post"],"_links":{"self":[{"href":"https:\/\/www.eucla.com.br\/blog\/wp-json\/wp\/v2\/posts\/285","targetHints":{"allow":["GET"]}}],"collection":[{"href":"https:\/\/www.eucla.com.br\/blog\/wp-json\/wp\/v2\/posts"}],"about":[{"href":"https:\/\/www.eucla.com.br\/blog\/wp-json\/wp\/v2\/types\/post"}],"author":[{"embeddable":true,"href":"https:\/\/www.eucla.com.br\/blog\/wp-json\/wp\/v2\/users\/1"}],"replies":[{"embeddable":true,"href":"https:\/\/www.eucla.com.br\/blog\/wp-json\/wp\/v2\/comments?post=285"}],"version-history":[{"count":1,"href":"https:\/\/www.eucla.com.br\/blog\/wp-json\/wp\/v2\/posts\/285\/revisions"}],"predecessor-version":[{"id":288,"href":"https:\/\/www.eucla.com.br\/blog\/wp-json\/wp\/v2\/posts\/285\/revisions\/288"}],"wp:featuredmedia":[{"embeddable":true,"href":"https:\/\/www.eucla.com.br\/blog\/wp-json\/wp\/v2\/media\/286"}],"wp:attachment":[{"href":"https:\/\/www.eucla.com.br\/blog\/wp-json\/wp\/v2\/media?parent=285"}],"wp:term":[{"taxonomy":"category","embeddable":true,"href":"https:\/\/www.eucla.com.br\/blog\/wp-json\/wp\/v2\/categories?post=285"},{"taxonomy":"post_tag","embeddable":true,"href":"https:\/\/www.eucla.com.br\/blog\/wp-json\/wp\/v2\/tags?post=285"}],"curies":[{"name":"wp","href":"https:\/\/api.w.org\/{rel}","templated":true}]}}