{"id":307,"date":"2024-10-07T18:17:36","date_gmt":"2024-10-07T18:17:36","guid":{"rendered":"https:\/\/www.eucla.com.br\/blog\/?p=307"},"modified":"2024-10-11T03:25:05","modified_gmt":"2024-10-11T03:25:05","slug":"portas-externas-de-madeira-a-escolha-perfeita-para-sua-casa","status":"publish","type":"post","link":"https:\/\/www.eucla.com.br\/blog\/portas-externas-de-madeira\/portas-externas-de-madeira-a-escolha-perfeita-para-sua-casa\/","title":{"rendered":"Portas externas de madeira: a escolha perfeita para sua casa"},"content":{"rendered":"<span class=\"span-reading-time rt-reading-time\" style=\"display: block;\"><span class=\"rt-label rt-prefix\">Tempo de leitura:<\/span> <span class=\"rt-time\"> 5<\/span> <span class=\"rt-label rt-postfix\">minutos<\/span><\/span>\n<p>Descubra por que as portas externas de madeira s\u00e3o uma excelente escolha para sua casa, al\u00e9m de como transformam a est\u00e9tica e seguran\u00e7a do seu lar.<\/p>\n\n\n\n<p>As <strong>portas externas de madeira<\/strong> est\u00e3o entre as escolhas mais populares para quem busca beleza e durabilidade em suas casas.&nbsp;<\/p>\n\n\n\n<p>Elas s\u00e3o conhecidas por oferecer eleg\u00e2ncia natural e uma vasta gama de op\u00e7\u00f5es de acabamento, que podem se adaptar a diferentes estilos arquitet\u00f4nicos.&nbsp;<\/p>\n\n\n\n<p>Mas ser\u00e1 que vale a pena investir em uma porta de madeira para a entrada de sua casa?<\/p>\n\n\n\n<p>Neste artigo, exploraremos os principais motivos pelos quais as portas externas de madeira s\u00e3o uma escolha acertada.&nbsp;<\/p>\n\n\n\n<p>Vamos analisar seus benef\u00edcios em termos de durabilidade, seguran\u00e7a, est\u00e9tica e sustentabilidade, al\u00e9m de mostrar como escolher a porta ideal para sua casa.<\/p>\n\n\n\n<ul class=\"wp-block-list\">\n<li><a href=\"https:\/\/www.eucla.com.br\/blog\/paineis-de-madeira\/o-que-avaliar-ao-escolher-um-painel-de-madeira\/\">O que avaliar ao escolher um painel de madeira?<\/a><\/li>\n<\/ul>\n\n\n\n<div id=\"ez-toc-container\" class=\"ez-toc-v2_0_82_2 counter-hierarchy ez-toc-counter ez-toc-grey ez-toc-container-direction\">\n<div class=\"ez-toc-title-container\">\n<p class=\"ez-toc-title\" style=\"cursor:inherit\">Sum\u00e1rio<\/p>\n<span class=\"ez-toc-title-toggle\"><a href=\"#\" class=\"ez-toc-pull-right ez-toc-btn ez-toc-btn-xs ez-toc-btn-default ez-toc-toggle\" aria-label=\"Alternar tabela de conte\u00fado\"><span class=\"ez-toc-js-icon-con\"><span class=\"\"><span class=\"eztoc-hide\" style=\"display:none;\">Toggle<\/span><span class=\"ez-toc-icon-toggle-span\"><svg style=\"fill: #999;color:#999\" xmlns=\"http:\/\/www.w3.org\/2000\/svg\" class=\"list-377408\" width=\"20px\" height=\"20px\" viewBox=\"0 0 24 24\" fill=\"none\"><path d=\"M6 6H4v2h2V6zm14 0H8v2h12V6zM4 11h2v2H4v-2zm16 0H8v2h12v-2zM4 16h2v2H4v-2zm16 0H8v2h12v-2z\" fill=\"currentColor\"><\/path><\/svg><svg style=\"fill: #999;color:#999\" class=\"arrow-unsorted-368013\" xmlns=\"http:\/\/www.w3.org\/2000\/svg\" width=\"10px\" height=\"10px\" viewBox=\"0 0 24 24\" version=\"1.2\" baseProfile=\"tiny\"><path d=\"M18.2 9.3l-6.2-6.3-6.2 6.3c-.2.2-.3.4-.3.7s.1.5.3.7c.2.2.4.3.7.3h11c.3 0 .5-.1.7-.3.2-.2.3-.5.3-.7s-.1-.5-.3-.7zM5.8 14.7l6.2 6.3 6.2-6.3c.2-.2.3-.5.3-.7s-.1-.5-.3-.7c-.2-.2-.4-.3-.7-.3h-11c-.3 0-.5.1-.7.3-.2.2-.3.5-.3.7s.1.5.3.7z\"\/><\/svg><\/span><\/span><\/span><\/a><\/span><\/div>\n<nav><ul class='ez-toc-list ez-toc-list-level-1 ' ><li class='ez-toc-page-1 ez-toc-heading-level-2'><a class=\"ez-toc-link ez-toc-heading-1\" href=\"https:\/\/www.eucla.com.br\/blog\/portas-externas-de-madeira\/portas-externas-de-madeira-a-escolha-perfeita-para-sua-casa\/#Por_que_comprar_portas_externas_de_madeira\" >Por que comprar portas externas de madeira?<\/a><ul class='ez-toc-list-level-4' ><li class='ez-toc-heading-level-4'><ul class='ez-toc-list-level-4' ><li class='ez-toc-heading-level-4'><a class=\"ez-toc-link ez-toc-heading-2\" href=\"https:\/\/www.eucla.com.br\/blog\/portas-externas-de-madeira\/portas-externas-de-madeira-a-escolha-perfeita-para-sua-casa\/#1_Estetica_e_elegancia_atemporal\" >1. Est\u00e9tica e eleg\u00e2ncia atemporal<\/a><\/li><li class='ez-toc-page-1 ez-toc-heading-level-4'><a class=\"ez-toc-link ez-toc-heading-3\" href=\"https:\/\/www.eucla.com.br\/blog\/portas-externas-de-madeira\/portas-externas-de-madeira-a-escolha-perfeita-para-sua-casa\/#2_Durabilidade_e_resistencia\" >2. Durabilidade e resist\u00eancia<\/a><\/li><li class='ez-toc-page-1 ez-toc-heading-level-4'><a class=\"ez-toc-link ez-toc-heading-4\" href=\"https:\/\/www.eucla.com.br\/blog\/portas-externas-de-madeira\/portas-externas-de-madeira-a-escolha-perfeita-para-sua-casa\/#3_Eficiencia_termica_e_acustica\" >3. Efici\u00eancia t\u00e9rmica e ac\u00fastica<\/a><\/li><li class='ez-toc-page-1 ez-toc-heading-level-4'><a class=\"ez-toc-link ez-toc-heading-5\" href=\"https:\/\/www.eucla.com.br\/blog\/portas-externas-de-madeira\/portas-externas-de-madeira-a-escolha-perfeita-para-sua-casa\/#4_Sustentabilidade\" >4. Sustentabilidade<\/a><\/li><li class='ez-toc-page-1 ez-toc-heading-level-4'><a class=\"ez-toc-link ez-toc-heading-6\" href=\"https:\/\/www.eucla.com.br\/blog\/portas-externas-de-madeira\/portas-externas-de-madeira-a-escolha-perfeita-para-sua-casa\/#5_Seguranca_e_robustez\" >5. Seguran\u00e7a e robustez<\/a><\/li><li class='ez-toc-page-1 ez-toc-heading-level-4'><a class=\"ez-toc-link ez-toc-heading-7\" href=\"https:\/\/www.eucla.com.br\/blog\/portas-externas-de-madeira\/portas-externas-de-madeira-a-escolha-perfeita-para-sua-casa\/#6_Personalizacao_e_versatilidade\" >6. Personaliza\u00e7\u00e3o e versatilidade<\/a><\/li><\/ul><\/li><\/ul><\/li><li class='ez-toc-page-1 ez-toc-heading-level-2'><a class=\"ez-toc-link ez-toc-heading-8\" href=\"https:\/\/www.eucla.com.br\/blog\/portas-externas-de-madeira\/portas-externas-de-madeira-a-escolha-perfeita-para-sua-casa\/#Invista_em_portas_externas_de_madeira_para_transformar_sua_casa\" >Invista em portas externas de madeira para transformar sua casa<\/a><\/li><\/ul><\/nav><\/div>\n<h2 class=\"wp-block-heading\"><span class=\"ez-toc-section\" id=\"Por_que_comprar_portas_externas_de_madeira\"><\/span>Por que comprar portas externas de madeira?<span class=\"ez-toc-section-end\"><\/span><\/h2>\n\n\n\n<p>Quando falamos de <strong>portas externas<\/strong>, um dos pontos que mais pesam na escolha \u00e9 a durabilidade e resist\u00eancia.&nbsp;<\/p>\n\n\n\n<p>As portas de madeira, quando tratadas adequadamente, podem durar d\u00e9cadas, suportando tanto as intemp\u00e9ries quanto o desgaste do uso di\u00e1rio.&nbsp;<\/p>\n\n\n\n<p>Aqui est\u00e3o os principais motivos que fazem das portas externas de madeira uma excelente escolha.<\/p>\n\n\n\n<h4 class=\"wp-block-heading\"><span class=\"ez-toc-section\" id=\"1_Estetica_e_elegancia_atemporal\"><\/span><strong>1. Est\u00e9tica e eleg\u00e2ncia atemporal<\/strong><span class=\"ez-toc-section-end\"><\/span><\/h4>\n\n\n\n<p>Um dos maiores atrativos das portas de madeira \u00e9, sem d\u00favida, a beleza natural. Cada pe\u00e7a de madeira \u00e9 \u00fanica, com veios e cores que variam conforme a esp\u00e9cie.&nbsp;<\/p>\n\n\n\n<p>Isso significa que voc\u00ea ter\u00e1 uma porta personalizada, com um visual exclusivo para sua casa.<\/p>\n\n\n\n<p>Al\u00e9m disso, as portas de madeira podem ser trabalhadas de v\u00e1rias formas: esculpidas, envernizadas ou pintadas em diferentes tons.&nbsp;<\/p>\n\n\n\n<p>Isso oferece uma flexibilidade incompar\u00e1vel para combinar com o estilo arquitet\u00f4nico da sua casa, seja ele cl\u00e1ssico, r\u00fastico ou moderno.<\/p>\n\n\n\n<p><strong>Dica de especialista<\/strong>: Para real\u00e7ar ainda mais a beleza de sua porta de madeira, opte por acabamentos que realcem a textura natural da madeira, como o verniz ou \u00f3leos protetores.<\/p>\n\n\n\n<h4 class=\"wp-block-heading\"><span class=\"ez-toc-section\" id=\"2_Durabilidade_e_resistencia\"><\/span><strong>2. Durabilidade e resist\u00eancia<\/strong><span class=\"ez-toc-section-end\"><\/span><\/h4>\n\n\n\n<p>Se tratada corretamente, a madeira \u00e9 um dos materiais mais dur\u00e1veis para portas externas. As madeiras nobres, como a <strong>peroba<\/strong>, o <strong>ip\u00ea<\/strong> e o <strong>mogno<\/strong>, s\u00e3o altamente resistentes \u00e0 umidade e \u00e0s pragas, como cupins.&nbsp;<\/p>\n\n\n\n<p>Com a manuten\u00e7\u00e3o adequada, como aplica\u00e7\u00e3o de vernizes ou impermeabilizantes, as portas de madeira podem manter sua integridade estrutural e visual por muitos anos.<\/p>\n\n\n\n<p>Outra grande vantagem \u00e9 que, diferente de outros materiais, como o metal, que podem corroer com o tempo, a madeira bem tratada resiste a diversas condi\u00e7\u00f5es clim\u00e1ticas.&nbsp;<\/p>\n\n\n\n<p>Ela tamb\u00e9m n\u00e3o absorve tanto calor quanto portas met\u00e1licas, sendo uma op\u00e7\u00e3o mais confort\u00e1vel em regi\u00f5es de climas extremos.<\/p>\n\n\n<div class=\"wp-block-image\">\n<figure class=\"alignright size-full is-resized\"><img loading=\"lazy\" decoding=\"async\" src=\"https:\/\/www.eucla.com.br\/blog\/wp-content\/uploads\/2024\/04\/2149445343-1.jpg\" alt=\"\" class=\"wp-image-195\" style=\"width:282px;height:423px\" width=\"282\" height=\"423\" srcset=\"https:\/\/www.eucla.com.br\/blog\/wp-content\/uploads\/2024\/04\/2149445343-1.jpg 666w, https:\/\/www.eucla.com.br\/blog\/wp-content\/uploads\/2024\/04\/2149445343-1-200x300.jpg 200w, https:\/\/www.eucla.com.br\/blog\/wp-content\/uploads\/2024\/04\/2149445343-1-40x60.jpg 40w\" sizes=\"auto, (max-width: 282px) 100vw, 282px\" \/><\/figure><\/div>\n\n\n<h4 class=\"wp-block-heading\"><span class=\"ez-toc-section\" id=\"3_Eficiencia_termica_e_acustica\"><\/span><strong>3. Efici\u00eancia t\u00e9rmica e ac\u00fastica<\/strong><span class=\"ez-toc-section-end\"><\/span><\/h4>\n\n\n\n<p>Outro benef\u00edcio das <strong>portas externas de madeira<\/strong> \u00e9 sua capacidade de isolamento t\u00e9rmico e ac\u00fastico.&nbsp;<\/p>\n\n\n\n<p>A madeira \u00e9 naturalmente isolante, o que significa que ela ajuda a manter o interior da casa mais fresco no ver\u00e3o e mais quente no inverno.&nbsp;<\/p>\n\n\n\n<p>Al\u00e9m disso, a densidade da madeira ajuda a abafar os sons externos, proporcionando mais conforto e privacidade para quem est\u00e1 dentro de casa.<\/p>\n\n\n\n<p>Essa caracter\u00edstica \u00e9 particularmente \u00fatil em locais com grande fluxo de pessoas ou ve\u00edculos.&nbsp;<\/p>\n\n\n\n<p>Se voc\u00ea busca uma casa mais silenciosa e confort\u00e1vel, a madeira \u00e9 um material que proporciona esse tipo de tranquilidade.<\/p>\n\n\n\n<h4 class=\"wp-block-heading\"><span class=\"ez-toc-section\" id=\"4_Sustentabilidade\"><\/span><strong>4. Sustentabilidade<\/strong><span class=\"ez-toc-section-end\"><\/span><\/h4>\n\n\n\n<p>Se voc\u00ea est\u00e1 preocupado com o impacto ambiental da sua escolha, fique tranquilo. A madeira \u00e9 um recurso renov\u00e1vel, especialmente se proveniente de \u00e1reas de manejo sustent\u00e1vel e reflorestamento.&nbsp;<\/p>\n\n\n\n<p>Ao optar por madeiras certificadas, como as com o selo FSC (Forest Stewardship Council), voc\u00ea contribui para a preserva\u00e7\u00e3o das florestas e promove o uso consciente dos recursos naturais.<\/p>\n\n\n\n<p>Al\u00e9m disso, as portas de madeira s\u00e3o mais f\u00e1ceis de reciclar ou reutilizar em compara\u00e7\u00e3o com materiais como o metal ou o PVC, o que tamb\u00e9m faz delas uma escolha mais ecol\u00f3gica no longo prazo.<\/p>\n\n\n\n<h4 class=\"wp-block-heading\"><span class=\"ez-toc-section\" id=\"5_Seguranca_e_robustez\"><\/span><strong>5. Seguran\u00e7a e robustez<\/strong><span class=\"ez-toc-section-end\"><\/span><\/h4>\n\n\n\n<p>As portas externas de madeira s\u00e3o robustas e proporcionam um excelente n\u00edvel de seguran\u00e7a.&nbsp;<\/p>\n\n\n\n<p>Com o uso de madeiras de alta densidade, como <strong>jatob\u00e1<\/strong> ou <strong>cumaru<\/strong>, a porta se torna extremamente dif\u00edcil de ser arrombada.&nbsp;<\/p>\n\n\n\n<p>Quando associadas a boas fechaduras e sistemas de seguran\u00e7a, essas portas garantem a prote\u00e7\u00e3o que sua casa precisa.<\/p>\n\n\n\n<p>A sensa\u00e7\u00e3o de solidez que uma porta de madeira transmite vai al\u00e9m da est\u00e9tica. Ela tamb\u00e9m representa prote\u00e7\u00e3o e confiabilidade, caracter\u00edsticas fundamentais para uma porta de entrada.<\/p>\n\n\n\n<h4 class=\"wp-block-heading\"><span class=\"ez-toc-section\" id=\"6_Personalizacao_e_versatilidade\"><\/span><strong>6. Personaliza\u00e7\u00e3o e versatilidade<\/strong><span class=\"ez-toc-section-end\"><\/span><\/h4>\n\n\n\n<p>As portas de madeira oferecem a possibilidade de personaliza\u00e7\u00e3o que outros materiais dificilmente alcan\u00e7am.&nbsp;<\/p>\n\n\n\n<p>Voc\u00ea pode escolher o design, o tipo de madeira, as cores e os acabamentos, criando uma pe\u00e7a que se encaixa perfeitamente ao estilo da sua casa.&nbsp;<\/p>\n\n\n\n<p>Seja com adornos em ferro, vidro ou detalhes esculpidos, a versatilidade da madeira permite uma s\u00e9rie de combina\u00e7\u00f5es criativas e funcionais.<\/p>\n\n\n\n<p>Seja para restaurar uma antiga porta de madeira ou para instalar uma nova, o mercado oferece uma vasta gama de op\u00e7\u00f5es que certamente atender\u00e3o \u00e0s suas expectativas e necessidades.<\/p>\n\n\n\n<ul class=\"wp-block-list\">\n<li><a href=\"https:\/\/www.eucla.com.br\/blog\/portas-de-correr\/porta-de-correr-na-sala-estilo-e-funcionalidade-em-um-so-produto\/\">Porta de correr na sala: estilo e funcionalidade em um s\u00f3 produto<\/a><\/li>\n<\/ul>\n\n\n\n<h2 class=\"wp-block-heading\"><span class=\"ez-toc-section\" id=\"Invista_em_portas_externas_de_madeira_para_transformar_sua_casa\"><\/span>Invista em portas externas de madeira para transformar sua casa<span class=\"ez-toc-section-end\"><\/span><\/h2>\n\n\n\n<p>A escolha de uma porta externa vai muito al\u00e9m da est\u00e9tica. A <strong>porta externa de madeira<\/strong> agrega valor ao im\u00f3vel, proporciona seguran\u00e7a, conforto e contribui para um estilo \u00fanico e acolhedor.&nbsp;<\/p>\n\n\n\n<p>Al\u00e9m disso, com os devidos cuidados de manuten\u00e7\u00e3o, ela pode durar por d\u00e9cadas, sendo uma excelente rela\u00e7\u00e3o custo-benef\u00edcio.<\/p>\n\n\n\n<p>Se voc\u00ea est\u00e1 em busca de uma solu\u00e7\u00e3o que combine durabilidade, beleza e funcionalidade, a <a href=\"https:\/\/www.eucla.com.br\/\">Eucla<\/a> \u00e9 a escolha ideal.&nbsp;<\/p>\n\n\n\n<p>Lembre-se de optar por nossos modelos, fabricados com madeiras nobres, sob demanda!<\/p>\n\n\n\n<p>Quer saber mais sobre como escolher e cuidar das suas portas externas de madeira? <a href=\"https:\/\/www.eucla.com.br\/blog\/\">Explore nosso blog<\/a> e confira dicas exclusivas de design, manuten\u00e7\u00e3o e instala\u00e7\u00e3o.<\/p>\n","protected":false},"excerpt":{"rendered":"<p><span class=\"span-reading-time rt-reading-time\" style=\"display: block;\"><span class=\"rt-label rt-prefix\">Tempo de leitura:<\/span> <span class=\"rt-time\"> 5<\/span> <span class=\"rt-label rt-postfix\">minutos<\/span><\/span>Descubra por que as portas externas de madeira s\u00e3o uma excelente escolha para sua casa, al\u00e9m de como transformam a est\u00e9tica e seguran\u00e7a do seu lar. As portas externas de madeira est\u00e3o entre as escolhas mais populares para quem busca beleza e durabilidade em suas &hellip; <\/p>\n","protected":false},"author":1,"featured_media":308,"comment_status":"open","ping_status":"open","sticky":false,"template":"","format":"standard","meta":{"footnotes":""},"categories":[7511],"tags":[7524,7526,7521,7525,6290,5464,7528,5458,7400,7523,7527,7522,3671,1470,7535,7537,7530,7536,7529,7533,7539,7532,7410,7534,7538,7531,3676,1488,7545,7547,7540,7546,6294,7543,7549,7542,7421,7544,7548,7541,3682,1497,7554,7556,7551,7555,7550,5482,7558,5476,7433,7553,7557,7552,7559,1506,7515,7517,7512,7516,6288,5445,7519,5439,7391,7514,7518,7513,7520,1461,7583,7575,7610,7599,7622,7591,7566,7585,7577,7612,7601,7624,7593,7568,7580,7572,7605,7596,7617,7588,7561,7584,7576,7611,7600,7623,7592,7567,6298,6296,7604,6300,7616,6302,7560,5518,5500,7608,5536,7620,5554,7564,7587,7579,7614,7603,7626,7595,7570,5512,5494,7607,5530,7619,5548,7563,7465,7457,7492,7481,7504,7473,7446,7582,7574,7609,7598,7621,7590,7565,7586,7578,7613,7602,7625,7594,7569,7581,7573,7606,7597,7618,7589,7562,3694,3688,7615,3700,3718,3706,7571,1569,1560,3136,1578,1650,1632,1551],"class_list":["post-307","post","type-post","status-publish","format-standard","has-post-thumbnail","hentry","category-portas-externas-de-madeira","tag-comprar-porta-de-madeira-com-acabamento-brilhante","tag-comprar-porta-de-madeira-com-batente","tag-comprar-porta-de-madeira-com-pintura-laqueada","tag-comprar-porta-de-madeira-com-verniz","tag-comprar-porta-de-madeira-macica","tag-comprar-porta-de-madeira-moderna","tag-comprar-porta-de-madeira-para-varanda","tag-comprar-porta-de-madeira-rustica","tag-comprar-porta-pivotante-de-madeira","tag-comprar-portas-de-madeira-com-acabamento-fosco","tag-comprar-portas-de-madeira-para-area-externa","tag-comprar-portas-de-madeira-para-entrada-principal","tag-comprar-portas-de-madeira-personalizadas","tag-comprar-portas-de-madeira-sob-medida","tag-fabrica-de-porta-de-madeira-com-acabamento-brilhante","tag-fabrica-de-porta-de-madeira-com-batente","tag-fabrica-de-porta-de-madeira-com-pintura-laqueada","tag-fabrica-de-porta-de-madeira-com-verniz","tag-fabrica-de-porta-de-madeira-macica","tag-fabrica-de-porta-de-madeira-moderna","tag-fabrica-de-porta-de-madeira-para-varanda","tag-fabrica-de-porta-de-madeira-rustica","tag-fabrica-de-porta-pivotante-de-madeira","tag-fabrica-de-portas-de-madeira-com-acabamento-fosco","tag-fabrica-de-portas-de-madeira-para-area-externa","tag-fabrica-de-portas-de-madeira-para-entrada-principal","tag-fabrica-de-portas-de-madeira-personalizadas","tag-fabrica-de-portas-de-madeira-sob-medida","tag-fabricante-de-porta-de-madeira-com-acabamento-brilhante","tag-fabricante-de-porta-de-madeira-com-batente","tag-fabricante-de-porta-de-madeira-com-pintura-laqueada","tag-fabricante-de-porta-de-madeira-com-verniz","tag-fabricante-de-porta-de-madeira-macica","tag-fabricante-de-porta-de-madeira-moderna","tag-fabricante-de-porta-de-madeira-para-varanda","tag-fabricante-de-porta-de-madeira-rustica","tag-fabricante-de-porta-pivotante-de-madeira","tag-fabricante-de-portas-de-madeira-com-acabamento-fosco","tag-fabricante-de-portas-de-madeira-para-area-externa","tag-fabricante-de-portas-de-madeira-para-entrada-principal","tag-fabricante-de-portas-de-madeira-personalizadas","tag-fabricante-de-portas-de-madeira-sob-medida","tag-fornecedor-de-porta-de-madeira-com-acabamento-brilhante","tag-fornecedor-de-porta-de-madeira-com-batente","tag-fornecedor-de-porta-de-madeira-com-pintura-laqueada","tag-fornecedor-de-porta-de-madeira-com-verniz","tag-fornecedor-de-porta-de-madeira-macica","tag-fornecedor-de-porta-de-madeira-moderna","tag-fornecedor-de-porta-de-madeira-para-varanda","tag-fornecedor-de-porta-de-madeira-rustica","tag-fornecedor-de-porta-pivotante-de-madeira","tag-fornecedor-de-portas-de-madeira-com-acabamento-fosco","tag-fornecedor-de-portas-de-madeira-para-area-externa","tag-fornecedor-de-portas-de-madeira-para-entrada-principal","tag-fornecedor-de-portas-de-madeira-personalizadas","tag-fornecedor-de-portas-de-madeira-sob-medida","tag-onde-encontrar-porta-de-madeira-com-acabamento-brilhante","tag-onde-encontrar-porta-de-madeira-com-batente","tag-onde-encontrar-porta-de-madeira-com-pintura-laqueada","tag-onde-encontrar-porta-de-madeira-com-verniz","tag-onde-encontrar-porta-de-madeira-macica","tag-onde-encontrar-porta-de-madeira-moderna","tag-onde-encontrar-porta-de-madeira-para-varanda","tag-onde-encontrar-porta-de-madeira-rustica","tag-onde-encontrar-porta-pivotante-de-madeira","tag-onde-encontrar-portas-de-madeira-com-acabamento-fosco","tag-onde-encontrar-portas-de-madeira-para-area-externa","tag-onde-encontrar-portas-de-madeira-para-entrada-principal","tag-onde-encontrar-portas-de-madeira-personalizadas","tag-onde-encontrar-portas-de-madeira-sob-medida","tag-porta-de-madeira-com-acabamento-brilhante-em-sao-paulo","tag-porta-de-madeira-com-acabamento-brilhante-em-sp","tag-porta-de-madeira-com-acabamento-brilhante-na-vila-gomes-cardim","tag-porta-de-madeira-com-acabamento-brilhante-na-zona-leste","tag-porta-de-madeira-com-acabamento-brilhante-no-analia-franco","tag-porta-de-madeira-com-acabamento-brilhante-no-tatuape","tag-porta-de-madeira-com-acabamento-brilhante-preco","tag-porta-de-madeira-com-batente-em-sao-paulo","tag-porta-de-madeira-com-batente-em-sp","tag-porta-de-madeira-com-batente-na-vila-gomes-cardim","tag-porta-de-madeira-com-batente-na-zona-leste","tag-porta-de-madeira-com-batente-no-analia-franco","tag-porta-de-madeira-com-batente-no-tatuape","tag-porta-de-madeira-com-batente-preco","tag-porta-de-madeira-com-pintura-laqueada-em-sao-paulo","tag-porta-de-madeira-com-pintura-laqueada-em-sp","tag-porta-de-madeira-com-pintura-laqueada-na-vila-gomes-cardim","tag-porta-de-madeira-com-pintura-laqueada-na-zona-leste","tag-porta-de-madeira-com-pintura-laqueada-no-analia-franco","tag-porta-de-madeira-com-pintura-laqueada-no-tatuape","tag-porta-de-madeira-com-pintura-laqueada-preco","tag-porta-de-madeira-com-verniz-em-sao-paulo","tag-porta-de-madeira-com-verniz-em-sp","tag-porta-de-madeira-com-verniz-na-vila-gomes-cardim","tag-porta-de-madeira-com-verniz-na-zona-leste","tag-porta-de-madeira-com-verniz-no-analia-franco","tag-porta-de-madeira-com-verniz-no-tatuape","tag-porta-de-madeira-com-verniz-preco","tag-porta-de-madeira-macica-em-sao-paulo","tag-porta-de-madeira-macica-em-sp","tag-porta-de-madeira-macica-na-vila-gomes-cardim","tag-porta-de-madeira-macica-na-zona-leste","tag-porta-de-madeira-macica-no-analia-franco","tag-porta-de-madeira-macica-no-tatuape","tag-porta-de-madeira-macica-preco","tag-porta-de-madeira-moderna-em-sao-paulo","tag-porta-de-madeira-moderna-em-sp","tag-porta-de-madeira-moderna-na-vila-gomes-cardim","tag-porta-de-madeira-moderna-na-zona-leste","tag-porta-de-madeira-moderna-no-analia-franco","tag-porta-de-madeira-moderna-no-tatuape","tag-porta-de-madeira-moderna-preco","tag-porta-de-madeira-para-varanda-em-sao-paulo","tag-porta-de-madeira-para-varanda-em-sp","tag-porta-de-madeira-para-varanda-na-vila-gomes-cardim","tag-porta-de-madeira-para-varanda-na-zona-leste","tag-porta-de-madeira-para-varanda-no-analia-franco","tag-porta-de-madeira-para-varanda-no-tatuape","tag-porta-de-madeira-para-varanda-preco","tag-porta-de-madeira-rustica-em-sao-paulo","tag-porta-de-madeira-rustica-em-sp","tag-porta-de-madeira-rustica-na-vila-gomes-cardim","tag-porta-de-madeira-rustica-na-zona-leste","tag-porta-de-madeira-rustica-no-analia-franco","tag-porta-de-madeira-rustica-no-tatuape","tag-porta-de-madeira-rustica-preco","tag-porta-pivotante-de-madeira-em-sao-paulo","tag-porta-pivotante-de-madeira-em-sp","tag-porta-pivotante-de-madeira-na-vila-gomes-cardim","tag-porta-pivotante-de-madeira-na-zona-leste","tag-porta-pivotante-de-madeira-no-analia-franco","tag-porta-pivotante-de-madeira-no-tatuape","tag-porta-pivotante-de-madeira-preco","tag-portas-de-madeira-com-acabamento-fosco-em-sao-paulo","tag-portas-de-madeira-com-acabamento-fosco-em-sp","tag-portas-de-madeira-com-acabamento-fosco-na-vila-gomes-cardim","tag-portas-de-madeira-com-acabamento-fosco-na-zona-leste","tag-portas-de-madeira-com-acabamento-fosco-no-analia-franco","tag-portas-de-madeira-com-acabamento-fosco-no-tatuape","tag-portas-de-madeira-com-acabamento-fosco-preco","tag-portas-de-madeira-para-area-externa-em-sao-paulo","tag-portas-de-madeira-para-area-externa-em-sp","tag-portas-de-madeira-para-area-externa-na-vila-gomes-cardim","tag-portas-de-madeira-para-area-externa-na-zona-leste","tag-portas-de-madeira-para-area-externa-no-analia-franco","tag-portas-de-madeira-para-area-externa-no-tatuape","tag-portas-de-madeira-para-area-externa-preco","tag-portas-de-madeira-para-entrada-principal-em-sao-paulo","tag-portas-de-madeira-para-entrada-principal-em-sp","tag-portas-de-madeira-para-entrada-principal-na-vila-gomes-cardim","tag-portas-de-madeira-para-entrada-principal-na-zona-leste","tag-portas-de-madeira-para-entrada-principal-no-analia-franco","tag-portas-de-madeira-para-entrada-principal-no-tatuape","tag-portas-de-madeira-para-entrada-principal-preco","tag-portas-de-madeira-personalizadas-em-sao-paulo","tag-portas-de-madeira-personalizadas-em-sp","tag-portas-de-madeira-personalizadas-na-vila-gomes-cardim","tag-portas-de-madeira-personalizadas-na-zona-leste","tag-portas-de-madeira-personalizadas-no-analia-franco","tag-portas-de-madeira-personalizadas-no-tatuape","tag-portas-de-madeira-personalizadas-preco","tag-portas-de-madeira-sob-medida-em-sao-paulo","tag-portas-de-madeira-sob-medida-em-sp","tag-portas-de-madeira-sob-medida-na-vila-gomes-cardim","tag-portas-de-madeira-sob-medida-na-zona-leste","tag-portas-de-madeira-sob-medida-no-analia-franco","tag-portas-de-madeira-sob-medida-no-tatuape","tag-portas-de-madeira-sob-medida-preco","latest_post"],"_links":{"self":[{"href":"https:\/\/www.eucla.com.br\/blog\/wp-json\/wp\/v2\/posts\/307","targetHints":{"allow":["GET"]}}],"collection":[{"href":"https:\/\/www.eucla.com.br\/blog\/wp-json\/wp\/v2\/posts"}],"about":[{"href":"https:\/\/www.eucla.com.br\/blog\/wp-json\/wp\/v2\/types\/post"}],"author":[{"embeddable":true,"href":"https:\/\/www.eucla.com.br\/blog\/wp-json\/wp\/v2\/users\/1"}],"replies":[{"embeddable":true,"href":"https:\/\/www.eucla.com.br\/blog\/wp-json\/wp\/v2\/comments?post=307"}],"version-history":[{"count":1,"href":"https:\/\/www.eucla.com.br\/blog\/wp-json\/wp\/v2\/posts\/307\/revisions"}],"predecessor-version":[{"id":310,"href":"https:\/\/www.eucla.com.br\/blog\/wp-json\/wp\/v2\/posts\/307\/revisions\/310"}],"wp:featuredmedia":[{"embeddable":true,"href":"https:\/\/www.eucla.com.br\/blog\/wp-json\/wp\/v2\/media\/308"}],"wp:attachment":[{"href":"https:\/\/www.eucla.com.br\/blog\/wp-json\/wp\/v2\/media?parent=307"}],"wp:term":[{"taxonomy":"category","embeddable":true,"href":"https:\/\/www.eucla.com.br\/blog\/wp-json\/wp\/v2\/categories?post=307"},{"taxonomy":"post_tag","embeddable":true,"href":"https:\/\/www.eucla.com.br\/blog\/wp-json\/wp\/v2\/tags?post=307"}],"curies":[{"name":"wp","href":"https:\/\/api.w.org\/{rel}","templated":true}]}}