{"id":323,"date":"2024-11-04T20:25:20","date_gmt":"2024-11-04T20:25:20","guid":{"rendered":"https:\/\/www.eucla.com.br\/blog\/?p=323"},"modified":"2024-11-11T23:37:06","modified_gmt":"2024-11-11T23:37:06","slug":"paineis-com-portas-para-sala-a-elegancia-funcional-da-eucla","status":"publish","type":"post","link":"https:\/\/www.eucla.com.br\/blog\/paineis-com-portas-para-sala\/paineis-com-portas-para-sala-a-elegancia-funcional-da-eucla\/","title":{"rendered":"Pain\u00e9is com portas para sala: a eleg\u00e2ncia funcional da Eucla"},"content":{"rendered":"<span class=\"span-reading-time rt-reading-time\" style=\"display: block;\"><span class=\"rt-label rt-prefix\">Tempo de leitura:<\/span> <span class=\"rt-time\"> 3<\/span> <span class=\"rt-label rt-postfix\">minutos<\/span><\/span>\n<p><strong><em>Descubra como os pain\u00e9is com portas da Eucla podem transformar sua sala de estar em um espa\u00e7o sofisticado e pr\u00e1tico.&nbsp;<\/em><\/strong><\/p>\n\n\n\n<p>Os <strong>pain\u00e9is com portas<\/strong> s\u00e3o uma excelente escolha para quem busca funcionalidade e estilo na decora\u00e7\u00e3o da sala de estar.&nbsp;<\/p>\n\n\n\n<p>Ao aliar um visual moderno e elegante \u00e0 praticidade de uma porta embutida, esses pain\u00e9is oferecem uma solu\u00e7\u00e3o completa para otimizar o espa\u00e7o e garantir um ambiente organizado.&nbsp;<\/p>\n\n\n\n<p>A <strong>Eucla<\/strong>, refer\u00eancia em m\u00f3veis e decora\u00e7\u00e3o, oferece uma variedade de op\u00e7\u00f5es, como os pain\u00e9is de madeira com porta de correr embutida, que se destacam pela qualidade e design.<\/p>\n\n\n\n<p>Neste artigo, vamos explorar as principais vantagens de escolher um painel com porta embutida para sua sala, apresentando como ele pode transformar o ambiente.&nbsp;<\/p>\n\n\n\n<p>Seja para esconder a TV ou para compor o espa\u00e7o com prateleiras e nichos, essa escolha agrega versatilidade e valor \u00e0 sua decora\u00e7\u00e3o.<\/p>\n\n\n\n<p><a href=\"https:\/\/www.eucla.com.br\/blog\/portas-camarao\/portas-camarao-solucao-elegante-e-funcional-para-otimizacao-de-espaco\/\">Portas camar\u00e3o: solu\u00e7\u00e3o elegante e funcional para otimiza\u00e7\u00e3o de espa\u00e7o<\/a><\/p>\n\n\n\n<div id=\"ez-toc-container\" class=\"ez-toc-v2_0_82_2 counter-hierarchy ez-toc-counter ez-toc-grey ez-toc-container-direction\">\n<div class=\"ez-toc-title-container\">\n<p class=\"ez-toc-title\" style=\"cursor:inherit\">Sum\u00e1rio<\/p>\n<span class=\"ez-toc-title-toggle\"><a href=\"#\" class=\"ez-toc-pull-right ez-toc-btn ez-toc-btn-xs ez-toc-btn-default ez-toc-toggle\" aria-label=\"Alternar tabela de conte\u00fado\"><span class=\"ez-toc-js-icon-con\"><span class=\"\"><span class=\"eztoc-hide\" style=\"display:none;\">Toggle<\/span><span class=\"ez-toc-icon-toggle-span\"><svg style=\"fill: #999;color:#999\" xmlns=\"http:\/\/www.w3.org\/2000\/svg\" class=\"list-377408\" width=\"20px\" height=\"20px\" viewBox=\"0 0 24 24\" fill=\"none\"><path d=\"M6 6H4v2h2V6zm14 0H8v2h12V6zM4 11h2v2H4v-2zm16 0H8v2h12v-2zM4 16h2v2H4v-2zm16 0H8v2h12v-2z\" fill=\"currentColor\"><\/path><\/svg><svg style=\"fill: #999;color:#999\" class=\"arrow-unsorted-368013\" xmlns=\"http:\/\/www.w3.org\/2000\/svg\" width=\"10px\" height=\"10px\" viewBox=\"0 0 24 24\" version=\"1.2\" baseProfile=\"tiny\"><path d=\"M18.2 9.3l-6.2-6.3-6.2 6.3c-.2.2-.3.4-.3.7s.1.5.3.7c.2.2.4.3.7.3h11c.3 0 .5-.1.7-.3.2-.2.3-.5.3-.7s-.1-.5-.3-.7zM5.8 14.7l6.2 6.3 6.2-6.3c.2-.2.3-.5.3-.7s-.1-.5-.3-.7c-.2-.2-.4-.3-.7-.3h-11c-.3 0-.5.1-.7.3-.2.2-.3.5-.3.7s.1.5.3.7z\"\/><\/svg><\/span><\/span><\/span><\/a><\/span><\/div>\n<nav><ul class='ez-toc-list ez-toc-list-level-1 ' ><li class='ez-toc-page-1 ez-toc-heading-level-2'><a class=\"ez-toc-link ez-toc-heading-1\" href=\"https:\/\/www.eucla.com.br\/blog\/paineis-com-portas-para-sala\/paineis-com-portas-para-sala-a-elegancia-funcional-da-eucla\/#Paineis_de_madeira_com_porta_de_correr_embutida_versatilidade_e_estilo\" >Pain\u00e9is de madeira com porta de correr embutida: versatilidade e estilo<\/a><ul class='ez-toc-list-level-3' ><li class='ez-toc-heading-level-3'><a class=\"ez-toc-link ez-toc-heading-2\" href=\"https:\/\/www.eucla.com.br\/blog\/paineis-com-portas-para-sala\/paineis-com-portas-para-sala-a-elegancia-funcional-da-eucla\/#Painel_com_porta_de_correr_para_sala_elegancia_e_funcionalidade_com_a_Eucla\" >Painel com porta de correr para sala: eleg\u00e2ncia e funcionalidade com a Eucla<\/a><\/li><\/ul><\/li><li class='ez-toc-page-1 ez-toc-heading-level-2'><a class=\"ez-toc-link ez-toc-heading-3\" href=\"https:\/\/www.eucla.com.br\/blog\/paineis-com-portas-para-sala\/paineis-com-portas-para-sala-a-elegancia-funcional-da-eucla\/#Explore_as_opcoes_de_paineis_com_portas_da_Eucla\" >Explore as op\u00e7\u00f5es de pain\u00e9is com portas da Eucla<\/a><\/li><\/ul><\/nav><\/div>\n<h2 class=\"wp-block-heading\"><span class=\"ez-toc-section\" id=\"Paineis_de_madeira_com_porta_de_correr_embutida_versatilidade_e_estilo\"><\/span>Pain\u00e9is de madeira com porta de correr embutida: versatilidade e estilo<span class=\"ez-toc-section-end\"><\/span><\/h2>\n\n\n\n<p>Os <strong>pain\u00e9is de madeira com porta de correr<\/strong> s\u00e3o uma escolha sofisticada que une organiza\u00e7\u00e3o e praticidade.&nbsp;<\/p>\n\n\n\n<figure class=\"wp-block-image alignright size-full is-resized\"><img loading=\"lazy\" decoding=\"async\" src=\"https:\/\/www.eucla.com.br\/blog\/wp-content\/uploads\/2024\/11\/Captura-de-tela-2024-11-04-172341.jpg\" alt=\"Pain\u00e9is com portas para sala: a eleg\u00e2ncia funcional da Eucla\n\" class=\"wp-image-325\" style=\"width:441px;height:309px\" width=\"441\" height=\"309\" srcset=\"https:\/\/www.eucla.com.br\/blog\/wp-content\/uploads\/2024\/11\/Captura-de-tela-2024-11-04-172341.jpg 593w, https:\/\/www.eucla.com.br\/blog\/wp-content\/uploads\/2024\/11\/Captura-de-tela-2024-11-04-172341-300x210.jpg 300w, https:\/\/www.eucla.com.br\/blog\/wp-content\/uploads\/2024\/11\/Captura-de-tela-2024-11-04-172341-86x60.jpg 86w\" sizes=\"auto, (max-width: 441px) 100vw, 441px\" \/><\/figure>\n\n\n\n<p>Eles permitem que a TV e outros equipamentos fiquem escondidos quando desejado, proporcionando um visual mais clean e organizado.&nbsp;<\/p>\n\n\n\n<p>Esse modelo \u00e9 ideal para quem quer manter os fios e aparelhos eletr\u00f4nicos fora de vista, tornando o ambiente mais aconchegante e menos polu\u00eddo visualmente.<\/p>\n\n\n\n<p>Al\u00e9m de economizar espa\u00e7o, os pain\u00e9is com portas conferem uma <strong>atmosfera acolhedora<\/strong> ao ambiente, gra\u00e7as ao toque natural da madeira.&nbsp;<\/p>\n\n\n\n<p>Outro benef\u00edcio \u00e9 a facilidade de combinar o painel com diferentes estilos de decora\u00e7\u00e3o, desde o contempor\u00e2neo ao r\u00fastico, valorizando a est\u00e9tica do c\u00f4modo sem comprometer a praticidade.<\/p>\n\n\n\n<h3 class=\"wp-block-heading\"><span class=\"ez-toc-section\" id=\"Painel_com_porta_de_correr_para_sala_elegancia_e_funcionalidade_com_a_Eucla\"><\/span>Painel com porta de correr para sala: eleg\u00e2ncia e funcionalidade com a Eucla<span class=\"ez-toc-section-end\"><\/span><\/h3>\n\n\n\n<p>A <strong>Eucla<\/strong> oferece uma linha diversificada de <strong>pain\u00e9is com porta de correr<\/strong> que trazem sofistica\u00e7\u00e3o e durabilidade.&nbsp;<\/p>\n\n\n\n<p>Com materiais de alta qualidade e uma variedade de acabamentos, esses pain\u00e9is podem se adaptar facilmente ao estilo da sua sala.&nbsp;<\/p>\n\n\n\n<p>Entre as op\u00e7\u00f5es, h\u00e1 acabamentos em madeira natural e em tons neutros que dialogam com a est\u00e9tica de qualquer decora\u00e7\u00e3o, dando um toque de eleg\u00e2ncia ao ambiente.<\/p>\n\n\n\n<p>Os modelos da Eucla incluem pain\u00e9is com portas embutidas, que ajudam a criar um espa\u00e7o organizado e visualmente harmonioso.&nbsp;<\/p>\n\n\n\n<p>Ao escolher um painel com porta de correr para sua sala, voc\u00ea n\u00e3o s\u00f3 adiciona funcionalidade, mas tamb\u00e9m uma pe\u00e7a de destaque que eleva o padr\u00e3o da decora\u00e7\u00e3o.&nbsp;<\/p>\n\n\n\n<p><strong>Invista em um painel de alta qualidade<\/strong> que se integre ao design da sua sala e melhore a experi\u00eancia do dia a dia no ambiente.<\/p>\n\n\n\n<p><a href=\"https:\/\/www.eucla.com.br\/blog\/paineis-de-madeira\/conheca-as-aplicacoes-do-painel-de-madeira\/\">Conhe\u00e7a as aplica\u00e7\u00f5es do painel de madeira<\/a><\/p>\n\n\n\n<h2 class=\"wp-block-heading\"><span class=\"ez-toc-section\" id=\"Explore_as_opcoes_de_paineis_com_portas_da_Eucla\"><\/span>Explore as op\u00e7\u00f5es de pain\u00e9is com portas da Eucla<span class=\"ez-toc-section-end\"><\/span><\/h2>\n\n\n\n<p>N\u00e3o perca a oportunidade de deixar seu espa\u00e7o mais elegante e funcional com os pain\u00e9is da <a href=\"https:\/\/www.eucla.com.br\/\">Eucla<\/a>.\u00a0<\/p>\n\n\n\n<p>Com diversas op\u00e7\u00f5es de acabamentos e tamanhos, voc\u00ea pode escolher o modelo que melhor se adapta \u00e0 sua sala e ao seu estilo de vida.&nbsp;<\/p>\n\n\n\n<p><strong>Invista em um painel com porta de correr<\/strong> e traga um toque de modernidade e praticidade para o seu lar.<\/p>\n\n\n\n<p>Transforme sua sala de estar com os pain\u00e9is com portas da Eucla! <a href=\"https:\/\/www.eucla.com.br\/\">Acesse nosso site <\/a>para conhecer todos os modelos e escolha o ideal para voc\u00ea.<\/p>\n","protected":false},"excerpt":{"rendered":"<p><span class=\"span-reading-time rt-reading-time\" style=\"display: block;\"><span class=\"rt-label rt-prefix\">Tempo de leitura:<\/span> <span class=\"rt-time\"> 3<\/span> <span class=\"rt-label rt-postfix\">minutos<\/span><\/span>Descubra como os pain\u00e9is com portas da Eucla podem transformar sua sala de estar em um espa\u00e7o sofisticado e pr\u00e1tico.&nbsp; Os pain\u00e9is com portas s\u00e3o uma excelente escolha para quem busca funcionalidade e estilo na decora\u00e7\u00e3o da sala de estar.&nbsp; Ao aliar um visual moderno &hellip; <\/p>\n","protected":false},"author":1,"featured_media":324,"comment_status":"open","ping_status":"open","sticky":false,"template":"","format":"standard","meta":{"footnotes":""},"categories":[7913],"tags":[7919,7929,7926,7920,7921,7925,7922,7924,7923,7930,7928,7927,7936,7932,7931,7933,7934,7938,7944,7947,7937,7951,7953,7946,7943,7942,7945,7948,7940,7935,7917,7918,7916,7915,7914,7963,7955,7981,7988,7959,7980,7970,7939,7975,7958,7950,7983,7989,7966,7996,7968,7941,7974,7962,7992,7985,7991,7969,7982,7979,7954,7995,7990,7957,7986,7956,7965,7998,7978,7952,7994,7961,7960,7984,7987,7964,7997,7976,7949,7993,7967,7973,7972,7977,7971],"class_list":["post-323","post","type-post","status-publish","format-standard","has-post-thumbnail","hentry","category-paineis-com-portas-para-sala","tag-comprar-paineis-com-portas","tag-comprar-paineis-de-madeira-com-porta-de-correr","tag-comprar-painel-de-tv-com-porta-embutida","tag-comprar-painel-elegante-para-sala","tag-comprar-painel-para-sala-de-estar","tag-empresa-de-paineis-com-portas","tag-empresa-de-paineis-de-madeira-com-porta-de-correr","tag-empresa-de-painel-de-tv-com-porta-embutida","tag-empresa-de-painel-elegante-para-sala","tag-empresa-de-painel-para-sala-de-estar","tag-fabrica-de-paineis-com-portas","tag-fabrica-de-paineis-de-madeira-com-porta-de-correr","tag-fabrica-de-painel-de-tv-com-porta-embutida","tag-fabrica-de-painel-elegante-para-sala","tag-fabrica-de-painel-para-sala-de-estar","tag-fabricante-de-paineis-com-portas","tag-fabricante-de-paineis-de-madeira-com-porta-de-correr","tag-fabricante-de-painel-de-tv-com-porta-embutida","tag-fabricante-de-painel-elegante-para-sala","tag-fabricante-de-painel-para-sala-de-estar","tag-fornecedor-de-paineis-com-portas","tag-fornecedor-de-paineis-de-madeira-com-porta-de-correr","tag-fornecedor-de-painel-de-tv-com-porta-embutida","tag-fornecedor-de-painel-elegante-para-sala","tag-fornecedor-de-painel-para-sala-de-estar","tag-loja-de-paineis-com-portas","tag-loja-de-paineis-de-madeira-com-porta-de-correr","tag-loja-de-painel-de-tv-com-porta-embutida","tag-loja-de-painel-elegante-para-sala","tag-loja-de-painel-para-sala-de-estar","tag-onde-encontrar-paineis-com-portas","tag-onde-encontrar-paineis-de-madeira-com-porta-de-correr","tag-onde-encontrar-painel-de-tv-com-porta-embutida","tag-onde-encontrar-painel-elegante-para-sala","tag-onde-encontrar-painel-para-sala-de-estar","tag-paineis-com-portas-em-sao-paulo","tag-paineis-com-portas-em-sp","tag-paineis-com-portas-na-vila-formosa","tag-paineis-com-portas-na-zona-leste","tag-paineis-com-portas-no-analia-franco","tag-paineis-com-portas-no-tatuape","tag-paineis-com-portas-perto-de-mim","tag-paineis-com-portas-preco","tag-paineis-com-portas-proximo-a-mim","tag-paineis-de-madeira-com-porta-de-correr-em-sao-paulo","tag-paineis-de-madeira-com-porta-de-correr-em-sp","tag-paineis-de-madeira-com-porta-de-correr-na-vila-formosa","tag-paineis-de-madeira-com-porta-de-correr-na-zona-leste","tag-paineis-de-madeira-com-porta-de-correr-no-analia-franco","tag-paineis-de-madeira-com-porta-de-correr-no-tatuape","tag-paineis-de-madeira-com-porta-de-correr-perto-de-mim","tag-paineis-de-madeira-com-porta-de-correr-preco","tag-paineis-de-madeira-com-porta-de-correr-proximo-a-mim","tag-painel-de-tv-com-porta-embutida-em-sao-paulo","tag-painel-de-tv-com-porta-embutida-em-sp","tag-painel-de-tv-com-porta-embutida-na-vila-formosa","tag-painel-de-tv-com-porta-embutida-na-zona-leste","tag-painel-de-tv-com-porta-embutida-no-analia-franco","tag-painel-de-tv-com-porta-embutida-no-tatuape","tag-painel-de-tv-com-porta-embutida-perto-de-mim","tag-painel-de-tv-com-porta-embutida-preco","tag-painel-de-tv-com-porta-embutida-proximo-a-mim","tag-painel-elegante-para-sala-em-sao-paulo","tag-painel-elegante-para-sala-em-sp","tag-painel-elegante-para-sala-na-vila-formosa","tag-painel-elegante-para-sala-na-zona-leste","tag-painel-elegante-para-sala-no-analia-franco","tag-painel-elegante-para-sala-no-tatuape","tag-painel-elegante-para-sala-perto-de-mim","tag-painel-elegante-para-sala-preco","tag-painel-elegante-para-sala-proximo-a-mim","tag-painel-para-sala-de-estar-em-sao-paulo","tag-painel-para-sala-de-estar-em-sp","tag-painel-para-sala-de-estar-na-vila-formosa","tag-painel-para-sala-de-estar-na-zona-leste","tag-painel-para-sala-de-estar-no-analia-franco","tag-painel-para-sala-de-estar-no-tatuape","tag-painel-para-sala-de-estar-perto-de-mim","tag-painel-para-sala-de-estar-preco","tag-painel-para-sala-de-estar-proximo-a-mim","tag-servico-de-paineis-com-portas","tag-servico-de-paineis-de-madeira-com-porta-de-correr","tag-servico-de-painel-de-tv-com-porta-embutida","tag-servico-de-painel-elegante-para-sala","tag-servico-de-painel-para-sala-de-estar","latest_post"],"_links":{"self":[{"href":"https:\/\/www.eucla.com.br\/blog\/wp-json\/wp\/v2\/posts\/323","targetHints":{"allow":["GET"]}}],"collection":[{"href":"https:\/\/www.eucla.com.br\/blog\/wp-json\/wp\/v2\/posts"}],"about":[{"href":"https:\/\/www.eucla.com.br\/blog\/wp-json\/wp\/v2\/types\/post"}],"author":[{"embeddable":true,"href":"https:\/\/www.eucla.com.br\/blog\/wp-json\/wp\/v2\/users\/1"}],"replies":[{"embeddable":true,"href":"https:\/\/www.eucla.com.br\/blog\/wp-json\/wp\/v2\/comments?post=323"}],"version-history":[{"count":1,"href":"https:\/\/www.eucla.com.br\/blog\/wp-json\/wp\/v2\/posts\/323\/revisions"}],"predecessor-version":[{"id":326,"href":"https:\/\/www.eucla.com.br\/blog\/wp-json\/wp\/v2\/posts\/323\/revisions\/326"}],"wp:featuredmedia":[{"embeddable":true,"href":"https:\/\/www.eucla.com.br\/blog\/wp-json\/wp\/v2\/media\/324"}],"wp:attachment":[{"href":"https:\/\/www.eucla.com.br\/blog\/wp-json\/wp\/v2\/media?parent=323"}],"wp:term":[{"taxonomy":"category","embeddable":true,"href":"https:\/\/www.eucla.com.br\/blog\/wp-json\/wp\/v2\/categories?post=323"},{"taxonomy":"post_tag","embeddable":true,"href":"https:\/\/www.eucla.com.br\/blog\/wp-json\/wp\/v2\/tags?post=323"}],"curies":[{"name":"wp","href":"https:\/\/api.w.org\/{rel}","templated":true}]}}