{"id":47,"date":"2023-11-01T13:50:37","date_gmt":"2023-11-01T13:50:37","guid":{"rendered":"https:\/\/www.eucla.com.br\/blog\/?p=47"},"modified":"2023-11-10T12:09:48","modified_gmt":"2023-11-10T12:09:48","slug":"espacos-limitados-conheca-as-portas-articuladas-de-madeira","status":"publish","type":"post","link":"https:\/\/www.eucla.com.br\/blog\/portas-articuladas\/espacos-limitados-conheca-as-portas-articuladas-de-madeira\/","title":{"rendered":"Espa\u00e7os limitados? Conhe\u00e7a as portas articuladas de madeira"},"content":{"rendered":"<span class=\"span-reading-time rt-reading-time\" style=\"display: block;\"><span class=\"rt-label rt-prefix\">Tempo de leitura:<\/span> <span class=\"rt-time\"> 3<\/span> <span class=\"rt-label rt-postfix\">minutos<\/span><\/span><p><b><i>Descubra como as portas articuladas de madeira s\u00e3o solu\u00e7\u00f5es ideais para espa\u00e7os limitados e conhe\u00e7a suas vantagens. Confira!<\/i><\/b><\/p>\n<p><span style=\"font-weight: 400;\">A otimiza\u00e7\u00e3o de espa\u00e7os \u00e9 uma das maiores necessidades nas edifica\u00e7\u00f5es modernas.<\/span><\/p>\n<p><span style=\"font-weight: 400;\">Conforme as cidades crescem e os espa\u00e7os se tornam cada vez mais premium, \u00e9 imperativo que os elementos arquitet\u00f4nicos se adaptem a esta realidade.<\/span><\/p>\n<p><span style=\"font-weight: 400;\">Nesse cen\u00e1rio, as portas articuladas de madeira surgem como uma op\u00e7\u00e3o elegante e funcional para espa\u00e7os compactos.<\/span><\/p>\n<p><span style=\"font-weight: 400;\">Estas portas, diferentemente das tradicionais, contam com segmentos que se dobram, permitindo uma abertura e fechamento que economiza espa\u00e7o, sem comprometer a est\u00e9tica ou funcionalidade.<\/span><\/p>\n<p><span style=\"font-weight: 400;\">Al\u00e9m disso, as portas articuladas de madeira s\u00e3o uma solu\u00e7\u00e3o sustent\u00e1vel e dur\u00e1vel.<\/span><\/p>\n<p><span style=\"font-weight: 400;\">Feitas a partir de madeira, elas trazem um toque de natureza para o ambiente, proporcionando aconchego e sofistica\u00e7\u00e3o.<\/span><\/p>\n<p><span style=\"font-weight: 400;\">Seja em resid\u00eancias, escrit\u00f3rios ou espa\u00e7os comerciais, essas portas s\u00e3o a combina\u00e7\u00e3o perfeita de design e utilidade.<\/span><\/p>\n<ul>\n<li style=\"font-weight: 400;\" aria-level=\"1\"><a href=\"https:\/\/www.eucla.com.br\/blog\/portas-de-madeira\/traga-sofisticacao-para-o-seu-projeto-com-as-portas-de-madeira-sob-medida\/\"><span style=\"font-weight: 400;\">Traga sofistica\u00e7\u00e3o para o seu projeto com as portas de madeira sob medida<\/span><\/a><\/li>\n<\/ul>\n<h2><span style=\"font-weight: 400;\">As vantagens da porta articulada<\/span><\/h2>\n<p><b>Otimiza\u00e7\u00e3o de espa\u00e7o: <\/b><span style=\"font-weight: 400;\">Devido ao seu design dobr\u00e1vel, essas portas s\u00e3o ideais para ambientes com espa\u00e7o limitado, pois ocupam menos espa\u00e7o ao serem abertas.<\/span><\/p>\n<p><b>Versatilidade: <\/b><span style=\"font-weight: 400;\">Adapta-se perfeitamente a diversos tipos de ambientes, desde resid\u00eancias a espa\u00e7os comerciais.<\/span><\/p>\n<p><img loading=\"lazy\" decoding=\"async\" class=\" wp-image-49 alignright\" src=\"https:\/\/www.eucla.com.br\/blog\/wp-content\/uploads\/2023\/10\/WhatsApp-Image-2023-10-30-at-10.49.13-228x300.jpeg\" alt=\"Espa\u00e7os limitados? Conhe\u00e7a as portas articuladas de madeira\" width=\"173\" height=\"228\" srcset=\"https:\/\/www.eucla.com.br\/blog\/wp-content\/uploads\/2023\/10\/WhatsApp-Image-2023-10-30-at-10.49.13-228x300.jpeg 228w, https:\/\/www.eucla.com.br\/blog\/wp-content\/uploads\/2023\/10\/WhatsApp-Image-2023-10-30-at-10.49.13-777x1024.jpeg 777w, https:\/\/www.eucla.com.br\/blog\/wp-content\/uploads\/2023\/10\/WhatsApp-Image-2023-10-30-at-10.49.13-768x1012.jpeg 768w, https:\/\/www.eucla.com.br\/blog\/wp-content\/uploads\/2023\/10\/WhatsApp-Image-2023-10-30-at-10.49.13-1165x1536.jpeg 1165w, https:\/\/www.eucla.com.br\/blog\/wp-content\/uploads\/2023\/10\/WhatsApp-Image-2023-10-30-at-10.49.13-46x60.jpeg 46w, https:\/\/www.eucla.com.br\/blog\/wp-content\/uploads\/2023\/10\/WhatsApp-Image-2023-10-30-at-10.49.13.jpeg 1214w\" sizes=\"auto, (max-width: 173px) 100vw, 173px\" \/><\/p>\n<p><b>Design inovador:<\/b><span style=\"font-weight: 400;\"> Al\u00e9m de funcionais, oferecem uma est\u00e9tica moderna e convidativa, elevando o design do ambiente.<\/span><\/p>\n<p><b>Durabilidade e resist\u00eancia:<\/b> A madeira proporciona longevidade ao produto, garantindo que mantenha sua beleza e funcionalidade ao longo do tempo.<\/p>\n<p><b>Sensa\u00e7\u00e3o de aconchego:<\/b><span style=\"font-weight: 400;\"> O toque da madeira traz uma sensa\u00e7\u00e3o natural e acolhedora ao ambiente.<\/span><\/p>\n<p><b>Funcionalidade ampliada:<\/b><span style=\"font-weight: 400;\"> Permite uma passagem ampla quando aberta e ocupa um espa\u00e7o m\u00ednimo quando fechada.<\/span><\/p>\n<p><b>Op\u00e7\u00e3o sustent\u00e1vel: <\/b><span style=\"font-weight: 400;\">Ao escolher madeiras certificadas, estas portas s\u00e3o uma escolha consciente e sustent\u00e1vel.<\/span><\/p>\n<p><b>F\u00e1cil manuten\u00e7\u00e3o: <\/b><span style=\"font-weight: 400;\">A madeira, quando bem cuidada, \u00e9 de f\u00e1cil manuten\u00e7\u00e3o e pode durar por muitos anos sem perder sua beleza.<\/span><\/p>\n<ul>\n<li style=\"font-weight: 400;\" aria-level=\"1\"><a href=\"https:\/\/www.eucla.com.br\/blog\/portas-de-correr-embutidas\/praticidade-e-sofisticacao-conheca-as-portas-de-correr-embutidas\/\"><span style=\"font-weight: 400;\">Praticidade e sofistica\u00e7\u00e3o: conhe\u00e7a as portas de correr embutidas<\/span><\/a><\/li>\n<\/ul>\n<h2><span style=\"font-weight: 400;\">Onde comprar portas articuladas de madeira em S\u00e3o Paulo?<\/span><\/h2>\n<p><span style=\"font-weight: 400;\">Por\u00e9m, t\u00e3o importante quanto optar por portas articuladas de madeira \u00e9 escolher o fornecedor certo. E nesse ponto, a <\/span><a href=\"https:\/\/www.eucla.com.br\/\"><span style=\"font-weight: 400;\">Eucla<\/span><\/a><span style=\"font-weight: 400;\"> destaca-se como a melhor op\u00e7\u00e3o do mercado.<\/span><\/p>\n<p><span style=\"font-weight: 400;\">Seu destaque n\u00e3o se d\u00e1 somente pela ineg\u00e1vel qualidade de seus produtos, mas tamb\u00e9m pelo compromisso e expertise de seus funcion\u00e1rios, que entendem profundamente os produtos trabalhados e suas funcionalidades.<\/span><\/p>\n<p><span style=\"font-weight: 400;\">A Eucla garante n\u00e3o s\u00f3 um produto de excel\u00eancia, mas tamb\u00e9m uma instala\u00e7\u00e3o impec\u00e1vel, garantindo que sua porta funcione perfeitamente.<\/span><\/p>\n<p><span style=\"font-weight: 400;\">Para aqueles que buscam solu\u00e7\u00f5es pr\u00e1ticas e elegantes, vale a pena <\/span><a href=\"https:\/\/api.whatsapp.com\/send?phone=5511996324260\"><span style=\"font-weight: 400;\">entrar em contato<\/span><\/a><span style=\"font-weight: 400;\"> com a empresa e descobrir as possibilidades.<\/span><\/p>\n<p><span style=\"font-weight: 400;\">E para se manter sempre informado sobre inova\u00e7\u00f5es e dicas de design, n\u00e3o deixe de conferir os conte\u00fados no <\/span><a href=\"https:\/\/www.eucla.com.br\/blog\"><span style=\"font-weight: 400;\">blog<\/span><\/a><span style=\"font-weight: 400;\"> da Eucla.<\/span><\/p>\n<p>&nbsp;<\/p>\n","protected":false},"excerpt":{"rendered":"<p><span class=\"span-reading-time rt-reading-time\" style=\"display: block;\"><span class=\"rt-label rt-prefix\">Tempo de leitura:<\/span> <span class=\"rt-time\"> 3<\/span> <span class=\"rt-label rt-postfix\">minutos<\/span><\/span>Descubra como as portas articuladas de madeira s\u00e3o solu\u00e7\u00f5es ideais para espa\u00e7os limitados e conhe\u00e7a suas vantagens. Confira! A otimiza\u00e7\u00e3o de espa\u00e7os \u00e9 uma das maiores necessidades nas edifica\u00e7\u00f5es modernas. Conforme as cidades crescem e os espa\u00e7os se tornam cada vez mais premium, \u00e9 imperativo &hellip; <\/p>\n","protected":false},"author":1,"featured_media":48,"comment_status":"open","ping_status":"open","sticky":false,"template":"","format":"standard","meta":{"footnotes":""},"categories":[1666],"tags":[404,1474,20,1468,403,1473,21,434,1519,105,1513,433,1518,106,440,1528,122,1522,439,1527,123,410,1483,37,1477,409,1482,38,416,1492,54,1486,415,1491,55,422,1501,71,1495,421,1500,72,428,1510,88,1504,427,1509,89,452,1546,156,1540,451,1545,157,398,1465,4,1459,397,1464,5,497,491,470,464,536,484,476,530,523,515,503,458,509,1609,1600,1573,1564,1663,1591,1582,1654,1645,1636,1618,1555,1627,275,258,207,190,343,479,224,326,518,241,292,173,309,1603,1594,1567,1558,1657,1585,1576,1648,1639,1630,1612,1549,1621,496,490,469,463,535,483,475,529,522,514,502,457,508,1608,1599,1572,1563,1662,1590,1581,1653,1644,1635,1617,1554,1626,276,259,208,191,344,480,225,327,519,242,293,174,310,446,1537,139,1531,445,1536,140],"class_list":["post-47","post","type-post","status-publish","format-standard","has-post-thumbnail","hentry","category-portas-articuladas","tag-comprar-porta-articulada","tag-comprar-porta-articulada-sob-medida","tag-comprar-porta-de-madeira","tag-comprar-porta-de-madeira-sob-medida","tag-comprar-portas-articuladas","tag-comprar-portas-articuladas-sob-medida","tag-comprar-portas-de-madeira","tag-distribuidor-de-porta-articulada","tag-distribuidor-de-porta-articulada-sob-medida","tag-distribuidor-de-porta-de-madeira","tag-distribuidor-de-porta-de-madeira-sob-medida","tag-distribuidor-de-portas-articuladas","tag-distribuidor-de-portas-articuladas-sob-medida","tag-distribuidor-de-portas-de-madeira","tag-distribuidora-de-porta-articulada","tag-distribuidora-de-porta-articulada-sob-medida","tag-distribuidora-de-porta-de-madeira","tag-distribuidora-de-porta-de-madeira-sob-medida","tag-distribuidora-de-portas-articuladas","tag-distribuidora-de-portas-articuladas-sob-medida","tag-distribuidora-de-portas-de-madeira","tag-empresa-de-porta-articulada","tag-empresa-de-porta-articulada-sob-medida","tag-empresa-de-porta-de-madeira","tag-empresa-de-porta-de-madeira-sob-medida","tag-empresa-de-portas-articuladas","tag-empresa-de-portas-articuladas-sob-medida","tag-empresa-de-portas-de-madeira","tag-fabrica-de-porta-articulada","tag-fabrica-de-porta-articulada-sob-medida","tag-fabrica-de-porta-de-madeira","tag-fabrica-de-porta-de-madeira-sob-medida","tag-fabrica-de-portas-articuladas","tag-fabrica-de-portas-articuladas-sob-medida","tag-fabrica-de-portas-de-madeira","tag-fabricante-de-porta-articulada","tag-fabricante-de-porta-articulada-sob-medida","tag-fabricante-de-porta-de-madeira","tag-fabricante-de-porta-de-madeira-sob-medida","tag-fabricante-de-portas-articuladas","tag-fabricante-de-portas-articuladas-sob-medida","tag-fabricante-de-portas-de-madeira","tag-fornecedor-de-porta-articulada","tag-fornecedor-de-porta-articulada-sob-medida","tag-fornecedor-de-porta-de-madeira","tag-fornecedor-de-porta-de-madeira-sob-medida","tag-fornecedor-de-portas-articuladas","tag-fornecedor-de-portas-articuladas-sob-medida","tag-fornecedor-de-portas-de-madeira","tag-loja-de-porta-articulada","tag-loja-de-porta-articulada-sob-medida","tag-loja-de-porta-de-madeira","tag-loja-de-porta-de-madeira-sob-medida","tag-loja-de-portas-articuladas","tag-loja-de-portas-articuladas-sob-medida","tag-loja-de-portas-de-madeira","tag-onde-encontrar-porta-articulada","tag-onde-encontrar-porta-articulada-sob-medida","tag-onde-encontrar-porta-de-madeira","tag-onde-encontrar-porta-de-madeira-sob-medida","tag-onde-encontrar-portas-articuladas","tag-onde-encontrar-portas-articuladas-sob-medida","tag-onde-encontrar-portas-de-madeira","tag-porta-articulada-direto-da-fabrica","tag-porta-articulada-em-promocao","tag-porta-articulada-em-sao-paulo","tag-porta-articulada-em-sp","tag-porta-articulada-na-vila-carrao","tag-porta-articulada-na-zl","tag-porta-articulada-na-zona-leste","tag-porta-articulada-no-analia-franco","tag-porta-articulada-no-carrao","tag-porta-articulada-no-tatuape","tag-porta-articulada-perto-de-mim","tag-porta-articulada-preco","tag-porta-articulada-proximo-a-mim","tag-porta-articulada-sob-medida-direto-da-fabrica","tag-porta-articulada-sob-medida-em-promocao","tag-porta-articulada-sob-medida-em-sao-paulo","tag-porta-articulada-sob-medida-em-sp","tag-porta-articulada-sob-medida-na-vila-carrao","tag-porta-articulada-sob-medida-na-zl","tag-porta-articulada-sob-medida-na-zona-leste","tag-porta-articulada-sob-medida-no-analia-franco","tag-porta-articulada-sob-medida-no-carrao","tag-porta-articulada-sob-medida-no-tatuape","tag-porta-articulada-sob-medida-perto-de-mim","tag-porta-articulada-sob-medida-preco","tag-porta-articulada-sob-medida-proximo-a-mim","tag-porta-de-madeira-direto-da-fabrica","tag-porta-de-madeira-em-promocao","tag-porta-de-madeira-em-sao-paulo","tag-porta-de-madeira-em-sp","tag-porta-de-madeira-na-vila-carrao","tag-porta-de-madeira-na-zl","tag-porta-de-madeira-na-zona-leste","tag-porta-de-madeira-no-analia-franco","tag-porta-de-madeira-no-carrao","tag-porta-de-madeira-no-tatuape","tag-porta-de-madeira-perto-de-mim","tag-porta-de-madeira-preco","tag-porta-de-madeira-proximo-a-mim","tag-porta-de-madeira-sob-medida-direto-da-fabrica","tag-porta-de-madeira-sob-medida-em-promocao","tag-porta-de-madeira-sob-medida-em-sao-paulo","tag-porta-de-madeira-sob-medida-em-sp","tag-porta-de-madeira-sob-medida-na-vila-carrao","tag-porta-de-madeira-sob-medida-na-zl","tag-porta-de-madeira-sob-medida-na-zona-leste","tag-porta-de-madeira-sob-medida-no-analia-franco","tag-porta-de-madeira-sob-medida-no-carrao","tag-porta-de-madeira-sob-medida-no-tatuape","tag-porta-de-madeira-sob-medida-perto-de-mim","tag-porta-de-madeira-sob-medida-preco","tag-porta-de-madeira-sob-medida-proximo-a-mim","tag-portas-articuladas-direto-da-fabrica","tag-portas-articuladas-em-promocao","tag-portas-articuladas-em-sao-paulo","tag-portas-articuladas-em-sp","tag-portas-articuladas-na-vila-carrao","tag-portas-articuladas-na-zl","tag-portas-articuladas-na-zona-leste","tag-portas-articuladas-no-analia-franco","tag-portas-articuladas-no-carrao","tag-portas-articuladas-no-tatuape","tag-portas-articuladas-perto-de-mim","tag-portas-articuladas-preco","tag-portas-articuladas-proximo-a-mim","tag-portas-articuladas-sob-medida-direto-da-fabrica","tag-portas-articuladas-sob-medida-em-promocao","tag-portas-articuladas-sob-medida-em-sao-paulo","tag-portas-articuladas-sob-medida-em-sp","tag-portas-articuladas-sob-medida-na-vila-carrao","tag-portas-articuladas-sob-medida-na-zl","tag-portas-articuladas-sob-medida-na-zona-leste","tag-portas-articuladas-sob-medida-no-analia-franco","tag-portas-articuladas-sob-medida-no-carrao","tag-portas-articuladas-sob-medida-no-tatuape","tag-portas-articuladas-sob-medida-perto-de-mim","tag-portas-articuladas-sob-medida-preco","tag-portas-articuladas-sob-medida-proximo-a-mim","tag-portas-de-madeira-direto-da-fabrica","tag-portas-de-madeira-em-promocao","tag-portas-de-madeira-em-sao-paulo","tag-portas-de-madeira-em-sp","tag-portas-de-madeira-na-vila-carrao","tag-portas-de-madeira-na-zl","tag-portas-de-madeira-na-zona-leste","tag-portas-de-madeira-no-analia-franco","tag-portas-de-madeira-no-carrao","tag-portas-de-madeira-no-tatuape","tag-portas-de-madeira-perto-de-mim","tag-portas-de-madeira-preco","tag-portas-de-madeira-proximo-a-mim","tag-revendedor-de-porta-articulada","tag-revendedor-de-porta-articulada-sob-medida","tag-revendedor-de-porta-de-madeira","tag-revendedor-de-porta-de-madeira-sob-medida","tag-revendedor-de-portas-articuladas","tag-revendedor-de-portas-articuladas-sob-medida","tag-revendedor-de-portas-de-madeira","latest_post"],"_links":{"self":[{"href":"https:\/\/www.eucla.com.br\/blog\/wp-json\/wp\/v2\/posts\/47","targetHints":{"allow":["GET"]}}],"collection":[{"href":"https:\/\/www.eucla.com.br\/blog\/wp-json\/wp\/v2\/posts"}],"about":[{"href":"https:\/\/www.eucla.com.br\/blog\/wp-json\/wp\/v2\/types\/post"}],"author":[{"embeddable":true,"href":"https:\/\/www.eucla.com.br\/blog\/wp-json\/wp\/v2\/users\/1"}],"replies":[{"embeddable":true,"href":"https:\/\/www.eucla.com.br\/blog\/wp-json\/wp\/v2\/comments?post=47"}],"version-history":[{"count":2,"href":"https:\/\/www.eucla.com.br\/blog\/wp-json\/wp\/v2\/posts\/47\/revisions"}],"predecessor-version":[{"id":51,"href":"https:\/\/www.eucla.com.br\/blog\/wp-json\/wp\/v2\/posts\/47\/revisions\/51"}],"wp:featuredmedia":[{"embeddable":true,"href":"https:\/\/www.eucla.com.br\/blog\/wp-json\/wp\/v2\/media\/48"}],"wp:attachment":[{"href":"https:\/\/www.eucla.com.br\/blog\/wp-json\/wp\/v2\/media?parent=47"}],"wp:term":[{"taxonomy":"category","embeddable":true,"href":"https:\/\/www.eucla.com.br\/blog\/wp-json\/wp\/v2\/categories?post=47"},{"taxonomy":"post_tag","embeddable":true,"href":"https:\/\/www.eucla.com.br\/blog\/wp-json\/wp\/v2\/tags?post=47"}],"curies":[{"name":"wp","href":"https:\/\/api.w.org\/{rel}","templated":true}]}}