{"id":7854,"count":1,"description":"","link":"https:\/\/www.eucla.com.br\/blog\/tag\/porta-camarao-para-areas-externas-em-sao-paulo\/","name":"Porta camar\u00e3o para \u00e1reas externas em s\u00e3o paulo","slug":"porta-camarao-para-areas-externas-em-sao-paulo","taxonomy":"post_tag","meta":[],"_links":{"self":[{"href":"https:\/\/www.eucla.com.br\/blog\/wp-json\/wp\/v2\/tags\/7854","targetHints":{"allow":["GET"]}}],"collection":[{"href":"https:\/\/www.eucla.com.br\/blog\/wp-json\/wp\/v2\/tags"}],"about":[{"href":"https:\/\/www.eucla.com.br\/blog\/wp-json\/wp\/v2\/taxonomies\/post_tag"}],"wp:post_type":[{"href":"https:\/\/www.eucla.com.br\/blog\/wp-json\/wp\/v2\/posts?tags=7854"}],"curies":[{"name":"wp","href":"https:\/\/api.w.org\/{rel}","templated":true}]}}